{"id":43583,"date":"2022-07-17T08:46:00","date_gmt":"2022-07-17T13:46:00","guid":{"rendered":"http:\/\/www.zonaroja.com.mx\/?p=43583"},"modified":"2022-07-17T06:49:31","modified_gmt":"2022-07-17T11:49:31","slug":"en-16-meses-357-mil-desplazados-por-violencia-en-mexico","status":"publish","type":"post","link":"https:\/\/zonaroja.com.mx\/?p=43583","title":{"rendered":"En 16 meses, 357 mil desplazados por violencia en M\u00e9xico"},"content":{"rendered":"\n<p>Redacci\u00f3n\/Zona Roja Cdmx.<\/p>\n\n\n\n<p>Ciudad de M\u00e9xico, 17 de julio de 2022.- La Secretar\u00eda de Gobernaci\u00f3n report\u00f3 que, de acuerdo con estudios de expertos, durante 2020 y hasta abril de 2021, en M\u00e9xico se reportaron 357 mil personas desplazadas de manera forzada por la inseguridad delictiva y la violencia en sus estados.<\/p>\n\n\n\n<p>Por este mismo fen\u00f3meno, indic\u00f3 que durante 2019 la cifra se ubic\u00f3 en 262 mil 411 personas. Esta tendencia se confirma al revisar los datos del Secretariado Ejecutivo del Sistema Nacional de Seguridad P\u00fablica (SESNSP, 2020), a\u00f1adi\u00f3.<\/p>\n\n\n\n<p>Al presentar los resultados del estudio Desplazamiento forzado interno en M\u00e9xico: del reconocimiento a los desaf\u00edos, detall\u00f3 que, como resultado de los desplazamientos, \u201cexiste una alta concentraci\u00f3n, pues s\u00f3lo cinco entidades re\u00fanen a la mitad del total de destinos de estos migrantes internos: Estado de M\u00e9xico (16.5 por ciento), Ciudad de M\u00e9xico (9.9 por ciento), Quer\u00e9taro (8.2 por ciento), Yucat\u00e1n (6.8 por ciento) e Hidalgo (6.6 por ciento).<\/p>\n\n\n\n<p>\u201cRespecto al origen, la concentraci\u00f3n es a\u00fan mayor, ya que \u00fanicamente tres entidades agrupan a la mitad del total: Estado de M\u00e9xico (24.1 por ciento), Ciudad de M\u00e9xico (20.8 por ciento) y Guerrero (8.1 por ciento)\u201d, a\u00f1ade. Entre las entidades con mayor expulsi\u00f3n figuran Sinaloa, Durango, Guerrero, entre otros.<\/p>\n","protected":false},"excerpt":{"rendered":"<p>Redacci\u00f3n\/Zona Roja Cdmx. Ciudad de M\u00e9xico, 17 de julio de 2022.- La Secretar\u00eda de Gobernaci\u00f3n&hellip;<\/p>\n","protected":false},"author":2,"featured_media":43584,"comment_status":"closed","ping_status":"open","sticky":false,"template":"","format":"standard","meta":{"_lmt_disableupdate":"","_lmt_disable":"","_jetpack_memberships_contains_paid_content":false,"footnotes":""},"categories":[109,47],"tags":[],"class_list":["post-43583","post","type-post","status-publish","format-standard","has-post-thumbnail","hentry","category-minuto-a-minuto","category-zona-gris"],"jetpack_featured_media_url":"https:\/\/zonaroja.com.mx\/wp-content\/uploads\/2022\/07\/Desplazados-violencia-Mexico.jpeg","jetpack_sharing_enabled":true,"_links":{"self":[{"href":"https:\/\/zonaroja.com.mx\/index.php?rest_route=\/wp\/v2\/posts\/43583","targetHints":{"allow":["GET"]}}],"collection":[{"href":"https:\/\/zonaroja.com.mx\/index.php?rest_route=\/wp\/v2\/posts"}],"about":[{"href":"https:\/\/zonaroja.com.mx\/index.php?rest_route=\/wp\/v2\/types\/post"}],"author":[{"embeddable":true,"href":"https:\/\/zonaroja.com.mx\/index.php?rest_route=\/wp\/v2\/users\/2"}],"replies":[{"embeddable":true,"href":"https:\/\/zonaroja.com.mx\/index.php?rest_route=%2Fwp%2Fv2%2Fcomments&post=43583"}],"version-history":[{"count":2,"href":"https:\/\/zonaroja.com.mx\/index.php?rest_route=\/wp\/v2\/posts\/43583\/revisions"}],"predecessor-version":[{"id":43618,"href":"https:\/\/zonaroja.com.mx\/index.php?rest_route=\/wp\/v2\/posts\/43583\/revisions\/43618"}],"wp:featuredmedia":[{"embeddable":true,"href":"https:\/\/zonaroja.com.mx\/index.php?rest_route=\/wp\/v2\/media\/43584"}],"wp:attachment":[{"href":"https:\/\/zonaroja.com.mx\/index.php?rest_route=%2Fwp%2Fv2%2Fmedia&parent=43583"}],"wp:term":[{"taxonomy":"category","embeddable":true,"href":"https:\/\/zonaroja.com.mx\/index.php?rest_route=%2Fwp%2Fv2%2Fcategories&post=43583"},{"taxonomy":"post_tag","embeddable":true,"href":"https:\/\/zonaroja.com.mx\/index.php?rest_route=%2Fwp%2Fv2%2Ftags&post=43583"}],"curies":[{"name":"wp","href":"https:\/\/api.w.org\/{rel}","templated":true}]}}