{"id":43586,"date":"2022-07-16T07:59:01","date_gmt":"2022-07-16T12:59:01","guid":{"rendered":"http:\/\/www.zonaroja.com.mx\/?p=43586"},"modified":"2022-07-16T07:59:02","modified_gmt":"2022-07-16T12:59:02","slug":"max-el-limito-que-ayudo-a-la-captura-de-caro-quintero","status":"publish","type":"post","link":"https:\/\/zonaroja.com.mx\/?p=43586","title":{"rendered":"\u201cMax\u201d, el limito que ayud\u00f3 a la captura de Caro Quintero"},"content":{"rendered":"\n<p>Redacci\u00f3n\/Zona Roja Cdmx.<\/p>\n\n\n\n<p>Ciudad de M\u00e9xico, 16 de julio de 2022.- Un elemento canino llamada \u201cMax\u201d, de la Armada de M\u00e9xico, localiz\u00f3 ayer entre los matorrales de la comunidad de San Sim\u00f3n del Municipio de Choix, Sinaloa a Rafael Caro Quintero, fundador del C\u00e1rtel de Guadalajara, cuando este trataba de evadir entre matorrales.<\/p>\n\n\n\n<p>El operativo fue coordinado entre elementos de la Unidad de Operaciones Especiales de la instituci\u00f3n y efectivos de la Fiscal\u00eda General de la Rep\u00fablica, quienes le hicieron efectiva una orden de aprehensi\u00f3n con fines de extradici\u00f3n a Estados Unidos.<\/p>\n\n\n\n<p>\u201cMax\u201d es una hembra&nbsp;de la raza bloodhound, mejor conocida&nbsp;como sabueso&nbsp;fue integrada&nbsp;en septiembre de 2019 a la Unidad de B\u00fasqueda y Rescate Urbano USAR (Urban Search and Rescue) de la Armada de M\u00e9xico y naci\u00f3 en abril de 2016.<\/p>\n\n\n\n<p>En todo el pa\u00eds, la Armada de M\u00e9xico cuenta con alrededor de 300 binomios para todas las funciones que realiza que va desde la b\u00fasqueda y rescate urbano; b\u00fasqueda y rescate en la mar, detecci\u00f3n de narc\u00f3ticos, explosivos y personas, inform\u00f3 la Semar tras la incorporaci\u00f3n de Max a la corporaci\u00f3n.<\/p>\n\n\n\n<p>Casi nueve a\u00f1os le dur\u00f3 la libertad a Rafael Caro Quintero, el legendario fundador del C\u00e1rtel de Guadalajara.<\/p>\n\n\n\n<p>El capo, quien ya dirig\u00eda otro grupo criminal dedicado al narcotr\u00e1fico y era un objetivo prioritario para los gobiernos de M\u00e9xico y Estados Unidos, fue capturado por fuerzas federales en el municipio de Choix, Sinaloa.<\/p>\n\n\n\n<p>La Secretar\u00eda de Marina inform\u00f3 que Caro fue localizado entre matorrales por un elemento canino de la instituci\u00f3n, de nombre Max, adiestrado en b\u00fasqueda y rescate. Luego fue llevado al aeropuerto de Culiac\u00e1n y de ah\u00ed a la CDMX. Anoche, un convoy lo ingres\u00f3 al penal del Altiplano, donde esperar\u00e1 audiencia sobre las dos \u00f3rdenes de captura y una de extradici\u00f3n que enfrenta.<\/p>\n\n\n\n<p>Merrick Garland, fiscal general de EU, confirm\u00f3 que su gobierno buscar\u00e1 la extradici\u00f3n inmediata del capo, por quien ofrece 20 millones de d\u00f3lares de recompensa.<\/p>\n\n\n\n<p>Como uno de los l\u00edderes del C\u00e1rtel de Guadalajara, Caro Quintero orden\u00f3 en 1985 el secuestro, tortura y asesinato de Enrique Camarena, agente de la DEA. Por estos delitos fue detenido ese a\u00f1o en Costa Rica. Estuvo preso en M\u00e9xico hasta agosto de 2013, cuando un amparo permiti\u00f3 su liberaci\u00f3n.<\/p>\n\n\n\n<p>(Con informaci\u00f3n de \u201cExc\u00e9lsior\u201d)<\/p>\n","protected":false},"excerpt":{"rendered":"<p>Redacci\u00f3n\/Zona Roja Cdmx. Ciudad de M\u00e9xico, 16 de julio de 2022.- Un elemento canino llamada&hellip;<\/p>\n","protected":false},"author":2,"featured_media":43587,"comment_status":"closed","ping_status":"open","sticky":false,"template":"","format":"standard","meta":{"_lmt_disableupdate":"","_lmt_disable":"","_jetpack_memberships_contains_paid_content":false,"footnotes":""},"categories":[109,46],"tags":[3190],"class_list":["post-43586","post","type-post","status-publish","format-standard","has-post-thumbnail","hentry","category-minuto-a-minuto","category-zona-blanca","tag-rafael-caro-quintero"],"jetpack_featured_media_url":"https:\/\/zonaroja.com.mx\/wp-content\/uploads\/2022\/07\/Max-y-Caro-Quintero.jpeg","jetpack_sharing_enabled":true,"_links":{"self":[{"href":"https:\/\/zonaroja.com.mx\/index.php?rest_route=\/wp\/v2\/posts\/43586","targetHints":{"allow":["GET"]}}],"collection":[{"href":"https:\/\/zonaroja.com.mx\/index.php?rest_route=\/wp\/v2\/posts"}],"about":[{"href":"https:\/\/zonaroja.com.mx\/index.php?rest_route=\/wp\/v2\/types\/post"}],"author":[{"embeddable":true,"href":"https:\/\/zonaroja.com.mx\/index.php?rest_route=\/wp\/v2\/users\/2"}],"replies":[{"embeddable":true,"href":"https:\/\/zonaroja.com.mx\/index.php?rest_route=%2Fwp%2Fv2%2Fcomments&post=43586"}],"version-history":[{"count":1,"href":"https:\/\/zonaroja.com.mx\/index.php?rest_route=\/wp\/v2\/posts\/43586\/revisions"}],"predecessor-version":[{"id":43588,"href":"https:\/\/zonaroja.com.mx\/index.php?rest_route=\/wp\/v2\/posts\/43586\/revisions\/43588"}],"wp:featuredmedia":[{"embeddable":true,"href":"https:\/\/zonaroja.com.mx\/index.php?rest_route=\/wp\/v2\/media\/43587"}],"wp:attachment":[{"href":"https:\/\/zonaroja.com.mx\/index.php?rest_route=%2Fwp%2Fv2%2Fmedia&parent=43586"}],"wp:term":[{"taxonomy":"category","embeddable":true,"href":"https:\/\/zonaroja.com.mx\/index.php?rest_route=%2Fwp%2Fv2%2Fcategories&post=43586"},{"taxonomy":"post_tag","embeddable":true,"href":"https:\/\/zonaroja.com.mx\/index.php?rest_route=%2Fwp%2Fv2%2Ftags&post=43586"}],"curies":[{"name":"wp","href":"https:\/\/api.w.org\/{rel}","templated":true}]}}