{"id":43589,"date":"2022-07-16T17:37:26","date_gmt":"2022-07-16T22:37:26","guid":{"rendered":"http:\/\/www.zonaroja.com.mx\/?p=43589"},"modified":"2022-07-16T17:37:28","modified_gmt":"2022-07-16T22:37:28","slug":"siembra-provisional-de-arbol-en-el-zocalo-levantan-consulta-para-sustituir-a-laurel","status":"publish","type":"post","link":"https:\/\/zonaroja.com.mx\/?p=43589","title":{"rendered":"Siembra provisional de \u00e1rbol en el z\u00f3calo; levantan consulta para sustituir a laurel"},"content":{"rendered":"\n<p>Yuridiana Sosa\/Zona Roja.<\/p>\n\n\n\n<p>Oaxaca de Juarez, Oax., 16 de julio de 2022.- Para cubrir de forma provisional el espacio que dej\u00f3 el gran \u00e1rbol de laurel que cay\u00f3 en el z\u00f3calo de Oaxaca, el pasado 7 de junio, la administraci\u00f3n municipal de la capital decidi\u00f3 sembrar un nuevo arbolado, en tanto se decide qu\u00e9 tipo de ejemplar se colocar\u00e1 de manera permanente.<\/p>\n\n\n\n<p>Para definir el nuevo \u00e1rbol, el Secretar\u00eda de Medio Ambiente y Cambio Clim\u00e1tico de Oaxaca de Ju\u00e1rez lanz\u00f3 una encuesta electr\u00f3nica para que la ciudadan\u00eda decida entre un Laurel, Higo o Guam\u00fachil.<\/p>\n\n\n\n<p>La directora del \u00e1rea, Elsa Ortiz Rodr\u00edguez, inform\u00f3 que debido a la llegada del turismo por las festividades de Guelaguetza y periodo vacacional decidieron dar una vista agradable al z\u00f3calo, el cual desde la ca\u00edda del Laurel se apreci\u00f3 un desolado espacio en una de las jardineras frente al costado de la catedral de Nuestra Se\u00f1ora de la Asunci\u00f3n.<\/p>\n\n\n\n<figure class=\"wp-block-embed is-type-rich is-provider-twitter wp-block-embed-twitter\"><div class=\"wp-block-embed__wrapper\">\n<div class=\"twitter-tweet\"><blockquote class=\"twitter-tweet\" data-lang=\"es\"><p lang=\"es\" dir=\"ltr\"><a href=\"https:\/\/twitter.com\/hashtag\/ENVIVO?src=hash&amp;ref_src=twsrc%5Etfw\">#ENVIVO<\/a><br>Oaxaca de Ju\u00e1rez, Oax., 15 de julio de 2022.- Empresa que contrat\u00f3 el ayuntamiento de Oaxaca de Ju\u00e1rez siembra \u00e1rboles Zompantle y Macuil en espacio donde estuvo el centenario laurel del z\u00f3calo. <br>Transmisi\u00f3n \ud83d\udc47<a href=\"https:\/\/t.co\/EQs2TnrTbD\">https:\/\/t.co\/EQs2TnrTbD<\/a> <a href=\"https:\/\/t.co\/GXPnu2NDsr\">pic.twitter.com\/GXPnu2NDsr<\/a><\/p>&mdash; Zona Roja Oaxaca (@ZonaRoja_Oaxaca) <a href=\"https:\/\/twitter.com\/ZonaRoja_Oaxaca\/status\/1548022923503341582?ref_src=twsrc%5Etfw\">15 de julio de 2022<\/a><\/blockquote><\/div>\n<\/div><\/figure>\n\n\n\n<p>Para esta actividad se removi\u00f3 la totalidad de la tierra debido a que ten\u00eda hongos que podr\u00edan enfermarlo, lo cual tambi\u00e9n fue decidido por medio de un Consejo T\u00e9cnico que integran la Secretar\u00eda de Medio Ambiente de Oaxaca y arbolistas.<\/p>\n\n\n\n<p>Sobre la terna para decidir el nuevo \u00e1rbol, el Consejo T\u00e9cnico la defini\u00f3 en torno a caracter\u00edsticas como longevidad, la ra\u00edz y las condiciones del espacio.<\/p>\n\n\n\n<p>El Laurel ten\u00eda alrededor de 100 a\u00f1os y dio cobijo durante varias d\u00e9cadas al concierto \u201cBajo el Laurel\u201d.<\/p>\n\n\n\n<p>Su muerte lleg\u00f3 ante el intenso viento y lluvia de la tarde noche del pasado 7 de junio, aunque su mal estado de salud fue advertido desde meses antes por ambientalistas oaxaque\u00f1os.\u00a0<\/p>\n\n\n\n<figure class=\"wp-block-embed is-type-rich is-provider-twitter wp-block-embed-twitter\"><div class=\"wp-block-embed__wrapper\">\n<div class=\"twitter-tweet\"><blockquote class=\"twitter-tweet\" data-lang=\"es\"><p lang=\"es\" dir=\"ltr\">La directora de Medio Ambiente del <a href=\"https:\/\/twitter.com\/MunicipioOaxaca?ref_src=twsrc%5Etfw\">@MunicipioOaxaca<\/a>, Elsa Ortiz Rodr\u00edguez, inform\u00f3 que los \u00e1rboles plantados en z\u00f3calo ayer para sustituir al laurel, son provisionales. <br>Se realiza una consulta para que los capitalinos decidan qu\u00e9 tipo de especies se sembrar\u00e1n en dicho espacio. <a href=\"https:\/\/t.co\/OWavx6jUuQ\">pic.twitter.com\/OWavx6jUuQ<\/a><\/p>&mdash; Zona Roja Oaxaca (@ZonaRoja_Oaxaca) <a href=\"https:\/\/twitter.com\/ZonaRoja_Oaxaca\/status\/1548372796547338242?ref_src=twsrc%5Etfw\">16 de julio de 2022<\/a><\/blockquote><\/div>\n<\/div><\/figure>\n","protected":false},"excerpt":{"rendered":"<p>Yuridiana Sosa\/Zona Roja. Oaxaca de Juarez, Oax., 16 de julio de 2022.- Para cubrir de&hellip;<\/p>\n","protected":false},"author":2,"featured_media":43590,"comment_status":"closed","ping_status":"open","sticky":false,"template":"","format":"standard","meta":{"_lmt_disableupdate":"","_lmt_disable":"","_jetpack_memberships_contains_paid_content":false,"footnotes":""},"categories":[109,46],"tags":[148],"class_list":["post-43589","post","type-post","status-publish","format-standard","has-post-thumbnail","hentry","category-minuto-a-minuto","category-zona-blanca","tag-oaxaca-de-juarez"],"jetpack_featured_media_url":"https:\/\/zonaroja.com.mx\/wp-content\/uploads\/2022\/07\/Zocalo-ciudad-de-Oaxaca-arbol.jpg","jetpack_sharing_enabled":true,"_links":{"self":[{"href":"https:\/\/zonaroja.com.mx\/index.php?rest_route=\/wp\/v2\/posts\/43589","targetHints":{"allow":["GET"]}}],"collection":[{"href":"https:\/\/zonaroja.com.mx\/index.php?rest_route=\/wp\/v2\/posts"}],"about":[{"href":"https:\/\/zonaroja.com.mx\/index.php?rest_route=\/wp\/v2\/types\/post"}],"author":[{"embeddable":true,"href":"https:\/\/zonaroja.com.mx\/index.php?rest_route=\/wp\/v2\/users\/2"}],"replies":[{"embeddable":true,"href":"https:\/\/zonaroja.com.mx\/index.php?rest_route=%2Fwp%2Fv2%2Fcomments&post=43589"}],"version-history":[{"count":1,"href":"https:\/\/zonaroja.com.mx\/index.php?rest_route=\/wp\/v2\/posts\/43589\/revisions"}],"predecessor-version":[{"id":43591,"href":"https:\/\/zonaroja.com.mx\/index.php?rest_route=\/wp\/v2\/posts\/43589\/revisions\/43591"}],"wp:featuredmedia":[{"embeddable":true,"href":"https:\/\/zonaroja.com.mx\/index.php?rest_route=\/wp\/v2\/media\/43590"}],"wp:attachment":[{"href":"https:\/\/zonaroja.com.mx\/index.php?rest_route=%2Fwp%2Fv2%2Fmedia&parent=43589"}],"wp:term":[{"taxonomy":"category","embeddable":true,"href":"https:\/\/zonaroja.com.mx\/index.php?rest_route=%2Fwp%2Fv2%2Fcategories&post=43589"},{"taxonomy":"post_tag","embeddable":true,"href":"https:\/\/zonaroja.com.mx\/index.php?rest_route=%2Fwp%2Fv2%2Ftags&post=43589"}],"curies":[{"name":"wp","href":"https:\/\/api.w.org\/{rel}","templated":true}]}}