{"id":43613,"date":"2022-07-17T10:38:00","date_gmt":"2022-07-17T15:38:00","guid":{"rendered":"http:\/\/www.zonaroja.com.mx\/?p=43613"},"modified":"2022-07-17T06:39:56","modified_gmt":"2022-07-17T11:39:56","slug":"a-oaxaca-le-hace-falta-paz-ha-fallado-politica-en-nombre-del-desarrollo-analista","status":"publish","type":"post","link":"https:\/\/zonaroja.com.mx\/?p=43613","title":{"rendered":"\u201cA Oaxaca le hace falta paz\u201d, ha fallado pol\u00edtica en nombre del desarrollo: analista"},"content":{"rendered":"\n<p>Yuridiana Sosa\/ Zona Roja.<\/p>\n\n\n\n<p>Oaxaca de Ju\u00e1rez, Oax., 16 de julio de 2022.- La multitud de protestas en Oaxaca son muestras de que a esta entidad \u201cle hace falta paz\u201d, partiendo de la fallida de pol\u00edticas de desarrollo, se\u00f1al\u00f3 el investigador social Arturo Tapia.<\/p>\n\n\n\n<p>Durante la presentaci\u00f3n del estudio \u201cOaxaca 2022: reclamos de justicia y paz\u201d, el analista detall\u00f3 los factores por los que \u201cel fantasma de la conflictividad y violencia\u201d recorren la entidad.<\/p>\n\n\n\n<p>Tras reiterar que Oaxaca vive una ola de violencia en todos los sentidos, puntualiz\u00f3 que el estudio contempla un recuento hemerogr\u00e1fico de conflictos entre el 2009 y 2020 que cita el registro de 144 protestas por l\u00edos entre agencias y sus cabeceras municipales; 59 por poblaciones contra presidentes y 54 entre sindicatos, entre m\u00faltiples m\u00e1s que dan como resultado un riesgoso escenario para normalizar los problemas en que vive la poblaci\u00f3n oaxaque\u00f1a.<\/p>\n\n\n\n<p>Los datos muestran que durante este periodo en Oaxaca han implementado un modelo partidario que promete desarrollo, y que al no cumplirse genera parad\u00f3jicamente la inconformidad, conflictos sociales, juicios, poblaciones divididas.<\/p>\n\n\n\n<p>Arturo Tapia se\u00f1al\u00f3 que el problema se localiza en que los gobiernos basan su cambio sin planificaci\u00f3n, acciones entre las que se puede encontrar la falta de consulta en las comunidades para la ejecuci\u00f3n de proyectos, mismas que al final resultan en manifestaciones.<\/p>\n\n\n\n<p>Ante esto, apunt\u00f3 como una soluci\u00f3n, es necesario cambiar la forma de hacer gobierno, que los llamados ben\u00e9ficos y cambios sociales se pongan sobre la mesa en las comunidades, para conocer la viabilidad o no de las acciones.<\/p>\n\n\n\n<p>El investigador particip\u00f3 el pasado viernes en la conferencia ofrecida en la sede del Instituto de Investigaciones Sociol\u00f3gicas de la Universidad Aut\u00f3noma \u201cBenito Ju\u00e1rez\u201d de Oaxaca.<\/p>\n","protected":false},"excerpt":{"rendered":"<p>Yuridiana Sosa\/ Zona Roja. Oaxaca de Ju\u00e1rez, Oax., 16 de julio de 2022.- La multitud&hellip;<\/p>\n","protected":false},"author":2,"featured_media":43604,"comment_status":"closed","ping_status":"open","sticky":false,"template":"","format":"standard","meta":{"_lmt_disableupdate":"","_lmt_disable":"","_jetpack_memberships_contains_paid_content":false,"footnotes":""},"categories":[109,46],"tags":[3193],"class_list":["post-43613","post","type-post","status-publish","format-standard","has-post-thumbnail","hentry","category-minuto-a-minuto","category-zona-blanca","tag-arturo-tapia-investigador"],"jetpack_featured_media_url":"https:\/\/zonaroja.com.mx\/wp-content\/uploads\/2022\/07\/Arturo-Tapia-investigador.jpg","jetpack_sharing_enabled":true,"_links":{"self":[{"href":"https:\/\/zonaroja.com.mx\/index.php?rest_route=\/wp\/v2\/posts\/43613","targetHints":{"allow":["GET"]}}],"collection":[{"href":"https:\/\/zonaroja.com.mx\/index.php?rest_route=\/wp\/v2\/posts"}],"about":[{"href":"https:\/\/zonaroja.com.mx\/index.php?rest_route=\/wp\/v2\/types\/post"}],"author":[{"embeddable":true,"href":"https:\/\/zonaroja.com.mx\/index.php?rest_route=\/wp\/v2\/users\/2"}],"replies":[{"embeddable":true,"href":"https:\/\/zonaroja.com.mx\/index.php?rest_route=%2Fwp%2Fv2%2Fcomments&post=43613"}],"version-history":[{"count":1,"href":"https:\/\/zonaroja.com.mx\/index.php?rest_route=\/wp\/v2\/posts\/43613\/revisions"}],"predecessor-version":[{"id":43614,"href":"https:\/\/zonaroja.com.mx\/index.php?rest_route=\/wp\/v2\/posts\/43613\/revisions\/43614"}],"wp:featuredmedia":[{"embeddable":true,"href":"https:\/\/zonaroja.com.mx\/index.php?rest_route=\/wp\/v2\/media\/43604"}],"wp:attachment":[{"href":"https:\/\/zonaroja.com.mx\/index.php?rest_route=%2Fwp%2Fv2%2Fmedia&parent=43613"}],"wp:term":[{"taxonomy":"category","embeddable":true,"href":"https:\/\/zonaroja.com.mx\/index.php?rest_route=%2Fwp%2Fv2%2Fcategories&post=43613"},{"taxonomy":"post_tag","embeddable":true,"href":"https:\/\/zonaroja.com.mx\/index.php?rest_route=%2Fwp%2Fv2%2Ftags&post=43613"}],"curies":[{"name":"wp","href":"https:\/\/api.w.org\/{rel}","templated":true}]}}