{"id":43615,"date":"2022-07-17T11:40:00","date_gmt":"2022-07-17T16:40:00","guid":{"rendered":"http:\/\/www.zonaroja.com.mx\/?p=43615"},"modified":"2022-07-17T06:48:16","modified_gmt":"2022-07-17T11:48:16","slug":"opinion-conlasninasno","status":"publish","type":"post","link":"https:\/\/zonaroja.com.mx\/?p=43615","title":{"rendered":"Opini\u00f3n. #ConLasNi\u00f1asNo"},"content":{"rendered":"\n<p>Diego Enrique Osorno*<\/p>\n\n\n\n<p>\u00c9rase una vez un pa\u00eds llamado M\u00e9xico, en el que cada d\u00eda cuatro infantes son asesinados, donde todos los meses, mil 200 ni\u00f1as y ni\u00f1os son hospitalizados a causa de negligencia en sus cuidados o violencia directa en su contra; un lugar en el que solo en el a\u00f1o 2020 fueron agredidas 15 mil 300 ni\u00f1as, en su gran mayor\u00eda por familiares o personas de su n\u00facleo social m\u00e1s cercano.&nbsp;<\/p>\n\n\n\n<p>El sitio en el que, seg\u00fan cifras oficiales, 193 ni\u00f1as fueron asesinadas entre 2020 y 2021, aunque en realidad hubo m\u00e1s feminicidios infantiles que los reconocidos por las autoridades.&nbsp;<\/p>\n\n\n\n<p>Lo anterior puede conocerse gracias a una exhaustiva labor de documentaci\u00f3n hecha por la periodista y activista, Frida Guerrera, en su libro, \u201cCon las ni\u00f1as no\u201d, publicado este verano por Editorial Aguilar. Con esta nueva publicaci\u00f3n que se suma a su ardua faena cotidiana, Frida combate la invisibilidad que atraviesan las problem\u00e1ticas infantiles de nuestro pa\u00eds.&nbsp;<\/p>\n\n\n\n<p>Lo hace compartiendo mucha informaci\u00f3n resultado de un intenso trabajo en campo que la ha llevado a volverse referente de la lucha contra el feminicidio infantil.&nbsp;<\/p>\n\n\n\n<p>A lo largo de su texto, Frida demuestra que la ni\u00f1ez mexicana padece violencia en cualquiera de los \u00e1mbitos en los que transcurre la vida, ya sea en los hogares, en las escuelas, en los sistemas de protecci\u00f3n y de justicia, en los lugares de trabajo y en el seno de las comunidades.&nbsp;<\/p>\n\n\n\n<p>Por eso, con justa raz\u00f3n e indignaci\u00f3n, casi al terminar de escribir las \u00faltimas p\u00e1ginas de este libro, la autora se recuerda a s\u00ed misma \u2014y a nosotros tambi\u00e9n\u2014, que acaba de enterarse de que otra ni\u00f1a fue asesinada \u201cen un pa\u00eds sangrante, que a diario es apu\u00f1alado, que todos los d\u00edas muere de a poco porque estamos permitiendo que liquiden su presente y futuro\u201d.&nbsp;<\/p>\n\n\n\n<p>Frida nos obliga as\u00ed a mirar de manera puntual y tratar de entender lo que no solemos mirar y lo que cuesta mucho trabajo asimilar: esa barbarie de todas las barbaries que sufre en este mismo momento la ni\u00f1ez.&nbsp;<\/p>\n\n\n\n<p>***&nbsp;<\/p>\n\n\n\n<p>\u201cCon las ni\u00f1as no\u201d es un libro que inicia de manera estrujante, buscando sacudir al lector, inquietarlo, llevarlo a mirar lo m\u00e1s oscuro de la humanidad a trav\u00e9s de un recuento en el que Frida enumera, puntualiza, describe feminicidio infantil tras feminicidio infantil, abismo tras abismo, provocando una sensaci\u00f3n angustiante, lacerante y, al final, de indignaci\u00f3n y movilizaci\u00f3n.&nbsp;<\/p>\n\n\n\n<p>No creo que exista una persona que despu\u00e9s de leer un arranque de libro como este no sienta pesadumbre y al mismo tiempo unas ganas rabiosas de hacer algo.&nbsp;<\/p>\n\n\n\n<p>\u201cEl 14 de marzo, \u2014sintetiza Frida uno de los casos enumerados\u2014 en Tijuana, Baja California, el cuerpo de una peque\u00f1a de aproximadamente 10 a\u00f1os fue encontrado dentro de una maleta. Seg\u00fan los medios locales, el cuerpo no presentaba signos de violencia, pero s\u00ed marcas de inyecciones. Hasta el momento, el cad\u00e1ver de la ni\u00f1a no ha sido reclamado, por lo que se desconoce su identidad, as\u00ed como la de sus asesinos\u201d.&nbsp;<\/p>\n\n\n\n<p>El listado de los otros casos sintetizados contin\u00faa despu\u00e9s, uno por uno, p\u00e1rrafo tras p\u00e1rrafo, horror tras horror, dibujando en conjunto y por acumulaci\u00f3n, el panorama sombr\u00edo de nuestra realidad actual: \u201cpresentaba huella de tortura\u201d, \u201cel asesino est\u00e1 en espera de sus sentencia\u201d, \u201cse desconoce la identidad del autor material del crimen\u201d, \u201cno hay detenidos\u201d, \u201cen el sof\u00e1 de su casa\u201d, \u201cHuimanguillo, Tabasco\u201d, \u201cs\u00edndrome de Kempe\u201d, \u201ccarretera Chamapa-Lecher\u00eda\u201d, \u201cdesapareci\u00f3 afuera de su casa\u201d\u2026&nbsp;<\/p>\n\n\n\n<p>Y al final de este cap\u00edtulo introductorio, uno se pregunta \u00bfqu\u00e9 humanidad tan decadente es la nuestra?, \u00bfqu\u00e9 hacer ante esta barbarie que est\u00e1 en la c\u00faspide demencial de todas las barbaries desatadas en el mundo contempor\u00e1neo?&nbsp;<\/p>\n\n\n\n<p>***&nbsp;<\/p>\n\n\n\n<p>Creo que este libro es una denuncia que llama a la movilizaci\u00f3n, porque m\u00e1s all\u00e1 de dar datos duros puntuales y presentar historias de v\u00edctimas del feminicidio infantil, Frida reflexiona y cuestiona de manera permanente las vilezas m\u00e1s profundas de la condici\u00f3n humana y las surgidas en la actualidad.<\/p>\n\n\n\n<p>Nos presenta una violencia contra las ni\u00f1as que, en la mayor\u00eda de los casos, viene de entornos conocidos, no desconocidos, y que suele incubarse a trav\u00e9s de un adultocentrismo patriarcal y una conducta de constante infravaloraci\u00f3n de las infancias.&nbsp;<\/p>\n\n\n\n<p>\u201c\u00bfPor qu\u00e9 los adultos caen en la omisi\u00f3n e inatenci\u00f3n?, \u00bfcreen que gritar, amenazar, golpear o aterrorizar a la ni\u00f1ez es lo correcto?\u201d, se pregunta la autora. Frida tambi\u00e9n acusa la indolencia que padecemos como sociedad.&nbsp;<\/p>\n\n\n\n<p>\u201cNos hemos convertido en seres indiferentes, en zombis\u201d, reclama ante la violencia sistem\u00e1tica e impune contra las infancias.&nbsp;<\/p>\n\n\n\n<p>\u201cHay tanto ruido que preferimos no pensar, no ver, no cuestionarnos, no intentar entender cu\u00e1l es el fondo de todo esto\u201d.&nbsp;<\/p>\n\n\n\n<p>Y piensa tambi\u00e9n de manera contundente y lapidaria sobre las vicisitudes de la vida digital: \u201cSiempre me pregunto. \u00bfA cu\u00e1ntas personas les interesa realmente lo que est\u00e1 pasando con nuestra ni\u00f1ez?, \u00bfcu\u00e1ntos est\u00e1n dispuestos a dejar el confort de las redes sociales, exigi\u00e9ndome desde ese espacio que vaya a ayudar a ni\u00f1os aqu\u00ed y all\u00e1, que me pronuncie por algo?&nbsp;<\/p>\n\n\n\n<p>El mal uso de la tecnolog\u00eda ha agudizado la deshumanizaci\u00f3n de la sociedad\u201d, sentencia.&nbsp;<\/p>\n\n\n\n<p>Luego, con cierta nostalgia y esperanza, Frida escarba en sus recuerdos: \u201cImagino una sociedad diferente, aquella que considero que alguna vez fuimos: la emp\u00e1tica, la que se preocupaba si escuchaba el llanto de una ni\u00f1a y que buscaba ayudar, ya fuera denunciando o enfrentando a los padres de esa ni\u00f1a lastimada.&nbsp;<\/p>\n\n\n\n<p>Hoy, la mayor\u00eda prefiere continuar interactuando con el celular, o subir el vidrio del auto para que no los molesten los peque\u00f1os sembrados en las esquinas y avenidas de las ciudades, como parte del paisaje urbano, pidiendo limosna o vendiendo chicles\u201d.&nbsp;<\/p>\n\n\n\n<p>*Escritor y periodista.<\/p>\n","protected":false},"excerpt":{"rendered":"<p>Diego Enrique Osorno* \u00c9rase una vez un pa\u00eds llamado M\u00e9xico, en el que cada d\u00eda&hellip;<\/p>\n","protected":false},"author":2,"featured_media":43616,"comment_status":"closed","ping_status":"open","sticky":false,"template":"","format":"standard","meta":{"_lmt_disableupdate":"","_lmt_disable":"","_jetpack_memberships_contains_paid_content":false,"footnotes":""},"categories":[109,46],"tags":[3020,946],"class_list":["post-43615","post","type-post","status-publish","format-standard","has-post-thumbnail","hentry","category-minuto-a-minuto","category-zona-blanca","tag-diego-enrique-osorno","tag-frida-guerrera"],"jetpack_featured_media_url":"https:\/\/zonaroja.com.mx\/wp-content\/uploads\/2022\/07\/Con-las-ninas-no-Frida-Guerrera.jpeg","jetpack_sharing_enabled":true,"_links":{"self":[{"href":"https:\/\/zonaroja.com.mx\/index.php?rest_route=\/wp\/v2\/posts\/43615","targetHints":{"allow":["GET"]}}],"collection":[{"href":"https:\/\/zonaroja.com.mx\/index.php?rest_route=\/wp\/v2\/posts"}],"about":[{"href":"https:\/\/zonaroja.com.mx\/index.php?rest_route=\/wp\/v2\/types\/post"}],"author":[{"embeddable":true,"href":"https:\/\/zonaroja.com.mx\/index.php?rest_route=\/wp\/v2\/users\/2"}],"replies":[{"embeddable":true,"href":"https:\/\/zonaroja.com.mx\/index.php?rest_route=%2Fwp%2Fv2%2Fcomments&post=43615"}],"version-history":[{"count":1,"href":"https:\/\/zonaroja.com.mx\/index.php?rest_route=\/wp\/v2\/posts\/43615\/revisions"}],"predecessor-version":[{"id":43617,"href":"https:\/\/zonaroja.com.mx\/index.php?rest_route=\/wp\/v2\/posts\/43615\/revisions\/43617"}],"wp:featuredmedia":[{"embeddable":true,"href":"https:\/\/zonaroja.com.mx\/index.php?rest_route=\/wp\/v2\/media\/43616"}],"wp:attachment":[{"href":"https:\/\/zonaroja.com.mx\/index.php?rest_route=%2Fwp%2Fv2%2Fmedia&parent=43615"}],"wp:term":[{"taxonomy":"category","embeddable":true,"href":"https:\/\/zonaroja.com.mx\/index.php?rest_route=%2Fwp%2Fv2%2Fcategories&post=43615"},{"taxonomy":"post_tag","embeddable":true,"href":"https:\/\/zonaroja.com.mx\/index.php?rest_route=%2Fwp%2Fv2%2Ftags&post=43615"}],"curies":[{"name":"wp","href":"https:\/\/api.w.org\/{rel}","templated":true}]}}