{"id":4362,"date":"2019-09-28T11:55:15","date_gmt":"2019-09-28T16:55:15","guid":{"rendered":"http:\/\/www.zonaroja.com.mx\/?p=4362"},"modified":"2019-09-28T11:57:12","modified_gmt":"2019-09-28T16:57:12","slug":"hospital-civil-de-oaxaca-ya-no-quiere-mas-pacientes-con-dengue","status":"publish","type":"post","link":"https:\/\/zonaroja.com.mx\/?p=4362","title":{"rendered":"Hospital Civil de Oaxaca ya no quiere m\u00e1s pacientes con dengue"},"content":{"rendered":"\n<p>Evlin\nArag\u00f3n\/Zona Roja.<\/p>\n\n\n\n<p>Oaxaca de\nJu\u00e1rez, Oax., 28 de septiembre de 2019.- A trav\u00e9s de un oficio con fecha 27 de\nseptiembre dirigido a los Servicios de Salud de Oaxaca, autoridades del\nHospital Civil \u201cDr. Aurelio Valdivieso\u201d dieron a conocer que los casos para\natenci\u00f3n del dengue se han incrementado de manera alarmante en el nosocomio.<\/p>\n\n\n\n<p>Por lo\nanterior, anunciaron que a partir de este viernes 27 de septiembre no se\naceptaran pacientes referidos de las unidades m\u00e9dicas\/hospitalarias del\ninterior del estado, as\u00ed como se priorizaran los ingresos de Urgencias\nCalificadas por los servicios del \u00e1rea cr\u00edtica.<\/p>\n\n\n\n<p>Justificaron\nque el Hospital Civil es el de mayor concentraci\u00f3n de referencia de pacientes\nen el estado, lo que ha ocasionado una sobresaturaci\u00f3n en los diferentes\nservicios, situaci\u00f3n que retrasa la atenci\u00f3n de calidad y calidez a las y los\nusuarios, as\u00ed como prolonga los tiempos de espera para su atenci\u00f3n, generando\ndescontento entre familiares de pacientes y personal del nosocomio.<\/p>\n\n\n\n<p>As\u00ed mismo,\nexplicaron que la unidad m\u00e9dica no cuenta con la infraestructura y el\nsurtimiento oportuno de insumos m\u00ednimo indispensable para la atenci\u00f3n de\npacientes que ingresan a los diferentes servicios con diagn\u00f3stico de dengue,\nincluida la falta de disponibilidad de transfusiones sangu\u00edneas que est\u00e1n\nsujetas a disponibilidad de paciente programados para cirug\u00eda, lo que genera\ndesabasto.<\/p>\n\n\n\n<p>Por lo\nanterior, hicieron el llamado a los titulares de los Servicios de Salud de\nOaxaca a no incurrir en las responsabilidades de tipo m\u00e9dico legal ante la\nfalta de hemoderivados para atenci\u00f3n de dichos pacientes y abstenerse a referir\ncasos con diagn\u00f3stico de Dengue.<\/p>\n\n\n\n<p>ALARMANTE\nAUMENTO<\/p>\n\n\n\n<p>Oaxaca se ubica en el cuarto lugar de incidencia a nivel nacional de acuerdo con la Secretar\u00eda de Salud que ha reportado mil 007 casos de dengue confirmados por laboratorio como parte de la Semana Epidemiol\u00f3gica 38, actualizada al 23 de septiembre del 2019, de los cuales 706 son dengue no grave, 253 con signos de alarma y 48 casos de dengue grave.<\/p>\n\n\n\n<p>Los SSO han\nconfirmado dos fallecimientos por dengue hemorr\u00e1gico en la entidad, siendo las\nlocalidades de Santa Mar\u00eda Huatulco y Uni\u00f3n Hidalgo donde se registraron los\ndecesos de dos menores de edad.<\/p>\n\n\n\n<p>En un\ncomunicado, la dependencia recalc\u00f3 que est\u00e1 garantizado el servicio m\u00e9dico a\ntoda la poblaci\u00f3n que lo solicite de acuerdo con los protocolos de urgencias\nm\u00e9dicas; \u201csin embargo, se necesita de la colaboraci\u00f3n de la poblaci\u00f3n para que\nse sume a las actividades de prevenci\u00f3n de la reproducci\u00f3n&nbsp; del vector en sus hogares como se ha estado\ninformado\u201d.<\/p>\n\n\n\n<p>Dijo que el\npersonal de vectores previamente identificado, realizan acciones de control\nlarvario casa por casa, por lo que es importante que la ciudadan\u00eda colabore\npara que se eliminen los criaderos del mosquito transmisor del Dengue, Zika y\nChikungunya.<\/p>\n","protected":false},"excerpt":{"rendered":"<p>Evlin Arag\u00f3n\/Zona Roja. Oaxaca de Ju\u00e1rez, Oax., 28 de septiembre de 2019.- A trav\u00e9s de&hellip;<\/p>\n","protected":false},"author":2,"featured_media":4363,"comment_status":"closed","ping_status":"open","sticky":false,"template":"","format":"standard","meta":{"_lmt_disableupdate":"","_lmt_disable":"","_jetpack_memberships_contains_paid_content":false,"footnotes":""},"categories":[109,47],"tags":[781],"class_list":["post-4362","post","type-post","status-publish","format-standard","has-post-thumbnail","hentry","category-minuto-a-minuto","category-zona-gris","tag-hospital-civil-dr-aurelio-valdivieso-de-oaxaca"],"jetpack_featured_media_url":"https:\/\/zonaroja.com.mx\/wp-content\/uploads\/2019\/09\/Hospital-Civil-Oaxaca.jpg","jetpack_sharing_enabled":true,"_links":{"self":[{"href":"https:\/\/zonaroja.com.mx\/index.php?rest_route=\/wp\/v2\/posts\/4362","targetHints":{"allow":["GET"]}}],"collection":[{"href":"https:\/\/zonaroja.com.mx\/index.php?rest_route=\/wp\/v2\/posts"}],"about":[{"href":"https:\/\/zonaroja.com.mx\/index.php?rest_route=\/wp\/v2\/types\/post"}],"author":[{"embeddable":true,"href":"https:\/\/zonaroja.com.mx\/index.php?rest_route=\/wp\/v2\/users\/2"}],"replies":[{"embeddable":true,"href":"https:\/\/zonaroja.com.mx\/index.php?rest_route=%2Fwp%2Fv2%2Fcomments&post=4362"}],"version-history":[{"count":2,"href":"https:\/\/zonaroja.com.mx\/index.php?rest_route=\/wp\/v2\/posts\/4362\/revisions"}],"predecessor-version":[{"id":4365,"href":"https:\/\/zonaroja.com.mx\/index.php?rest_route=\/wp\/v2\/posts\/4362\/revisions\/4365"}],"wp:featuredmedia":[{"embeddable":true,"href":"https:\/\/zonaroja.com.mx\/index.php?rest_route=\/wp\/v2\/media\/4363"}],"wp:attachment":[{"href":"https:\/\/zonaroja.com.mx\/index.php?rest_route=%2Fwp%2Fv2%2Fmedia&parent=4362"}],"wp:term":[{"taxonomy":"category","embeddable":true,"href":"https:\/\/zonaroja.com.mx\/index.php?rest_route=%2Fwp%2Fv2%2Fcategories&post=4362"},{"taxonomy":"post_tag","embeddable":true,"href":"https:\/\/zonaroja.com.mx\/index.php?rest_route=%2Fwp%2Fv2%2Ftags&post=4362"}],"curies":[{"name":"wp","href":"https:\/\/api.w.org\/{rel}","templated":true}]}}