{"id":43622,"date":"2022-07-17T07:10:06","date_gmt":"2022-07-17T12:10:06","guid":{"rendered":"http:\/\/www.zonaroja.com.mx\/?p=43622"},"modified":"2022-07-17T07:10:07","modified_gmt":"2022-07-17T12:10:07","slug":"enfrentamiento-en-soyaltepec-oaxaca-deja-dos-muertos-y-dos-heridos","status":"publish","type":"post","link":"https:\/\/zonaroja.com.mx\/?p=43622","title":{"rendered":"Enfrentamiento en Soyaltepec, Oaxaca, deja dos muertos y dos heridos"},"content":{"rendered":"\n<p>Redacci\u00f3n\/Zona Roja.<\/p>\n\n\n\n<p>Oaxaca de Ju\u00e1rez, Oax., 17 de julio de 2022.- Un enfrentamiento la localidad de Piedra de Amolar, municipio de San Miguel Soyaltepec, entre grupos de la delincuencia organizada y elementos de la Polic\u00eda Estatal de Oaxaca dej\u00f3 como saldo preliminar un uniformado muerto y otro lesionado.<\/p>\n\n\n\n<p>Asimismo, habr\u00eda un civil fallecido y otro m\u00e1s herido de bala, por la refriega ocurri\u00f3 cerca de la media noche de ayer s\u00e1bado en dicha comunidad, perteneciente a la regi\u00f3n de la Cuenca del Papaloapan, al norte de la entidad.<\/p>\n\n\n\n<p>Hasta ahora los datos son extraoficiales y ni las autoridades municipales de Soyaltepec ni del Gobierno del Estado han emitido informaci\u00f3n al respecto.<\/p>\n\n\n\n<p>En Soyaltepec han ocurrido una serie de hechos violentos, que incluyen asesinato de un ex edil y de polic\u00edas municipales, por la presencia de grupos delictivos asentados en la zona, colindante con el estado de Veracruz.<\/p>\n","protected":false},"excerpt":{"rendered":"<p>Redacci\u00f3n\/Zona Roja. Oaxaca de Ju\u00e1rez, Oax., 17 de julio de 2022.- Un enfrentamiento la localidad&hellip;<\/p>\n","protected":false},"author":2,"featured_media":7922,"comment_status":"closed","ping_status":"open","sticky":false,"template":"","format":"standard","meta":{"_lmt_disableupdate":"","_lmt_disable":"","_jetpack_memberships_contains_paid_content":false,"footnotes":""},"categories":[109,51],"tags":[1306],"class_list":["post-43622","post","type-post","status-publish","format-standard","has-post-thumbnail","hentry","category-minuto-a-minuto","category-zona-roja","tag-temascal-san-miguel-soyaltepec"],"jetpack_featured_media_url":"https:\/\/zonaroja.com.mx\/wp-content\/uploads\/2020\/01\/San-Miguel-Soyaltepec.jpg","jetpack_sharing_enabled":true,"_links":{"self":[{"href":"https:\/\/zonaroja.com.mx\/index.php?rest_route=\/wp\/v2\/posts\/43622","targetHints":{"allow":["GET"]}}],"collection":[{"href":"https:\/\/zonaroja.com.mx\/index.php?rest_route=\/wp\/v2\/posts"}],"about":[{"href":"https:\/\/zonaroja.com.mx\/index.php?rest_route=\/wp\/v2\/types\/post"}],"author":[{"embeddable":true,"href":"https:\/\/zonaroja.com.mx\/index.php?rest_route=\/wp\/v2\/users\/2"}],"replies":[{"embeddable":true,"href":"https:\/\/zonaroja.com.mx\/index.php?rest_route=%2Fwp%2Fv2%2Fcomments&post=43622"}],"version-history":[{"count":1,"href":"https:\/\/zonaroja.com.mx\/index.php?rest_route=\/wp\/v2\/posts\/43622\/revisions"}],"predecessor-version":[{"id":43623,"href":"https:\/\/zonaroja.com.mx\/index.php?rest_route=\/wp\/v2\/posts\/43622\/revisions\/43623"}],"wp:featuredmedia":[{"embeddable":true,"href":"https:\/\/zonaroja.com.mx\/index.php?rest_route=\/wp\/v2\/media\/7922"}],"wp:attachment":[{"href":"https:\/\/zonaroja.com.mx\/index.php?rest_route=%2Fwp%2Fv2%2Fmedia&parent=43622"}],"wp:term":[{"taxonomy":"category","embeddable":true,"href":"https:\/\/zonaroja.com.mx\/index.php?rest_route=%2Fwp%2Fv2%2Fcategories&post=43622"},{"taxonomy":"post_tag","embeddable":true,"href":"https:\/\/zonaroja.com.mx\/index.php?rest_route=%2Fwp%2Fv2%2Ftags&post=43622"}],"curies":[{"name":"wp","href":"https:\/\/api.w.org\/{rel}","templated":true}]}}