{"id":43624,"date":"2022-07-17T07:25:59","date_gmt":"2022-07-17T12:25:59","guid":{"rendered":"http:\/\/www.zonaroja.com.mx\/?p=43624"},"modified":"2022-07-17T07:26:00","modified_gmt":"2022-07-17T12:26:00","slug":"la-dea-dice-que-participo-en-captura-de-caro-quintero-embajador-lo-desmiente","status":"publish","type":"post","link":"https:\/\/zonaroja.com.mx\/?p=43624","title":{"rendered":"La DEA dice que particip\u00f3 en captura de Caro Quintero; embajador lo desmiente"},"content":{"rendered":"\n<p>Redacci\u00f3n\/Zona Roja Cdmx.<\/p>\n\n\n\n<p>Ciudad de M\u00e9xico, 17 de julio de 2022.- La Agencia Antidrogas de Estados Unidos (DEA, en ingl\u00e9s) particip\u00f3 en la captura del narcotraficante Rafael Caro Quintero, considerado el fugitivo m\u00e1s buscado por la agencia estadounidense.<\/p>\n\n\n\n<p>\u201cEl incre\u00edble equipo de la DEA en M\u00e9xico trabaj\u00f3 en colaboraci\u00f3n con las autoridades mexicanas para arrestar a Rafael Caro Quintero\u201d, dijo la directora de la agencia, Anne Milgram, en una carta dirigida a sus empleados publicada este s\u00e1bado.<\/p>\n\n\n\n<p>La participaci\u00f3n de la DEA en este operativo cobra relevancia dado que el Gobierno de Andr\u00e9s Manuel L\u00f3pez Obrador ha sido muy cr\u00edtico con la agencia y en 2020 impuls\u00f3 una legislaci\u00f3n para limitar la presencia de sus agentes en M\u00e9xico.<\/p>\n\n\n\n<p>Milgram record\u00f3 que Caro Quintero est\u00e1 acusado en Estados Unidos por \u201cla tortura y el asesinato\u201d del agente especial de la DEA Enrique \u201cKiki\u201d Camarena en 1985 y \u201cpor muchos otros cr\u00edmenes\u201d.<\/p>\n\n\n\n<p>QUE SIEMPRE NO<\/p>\n\n\n\n<p>No obstante, el embajador de EU en M\u00e9xico, Ken Salazar, asegur\u00f3 que Estados Unidos no particip\u00f3 en el operativo de captura de Rafael Caro Quintero, exl\u00edder del C\u00e1rtel de Guadalajara, y pr\u00f3fugo desde 2013, contradiciendo a la DEA quien revel\u00f3 que particip\u00f3 con el equipo mexicano para su detenci\u00f3n.<\/p>\n\n\n\n<p>\u201cPara aclarar, ning\u00fan personal de los Estados Unidos particip\u00f3 en la operaci\u00f3n t\u00e1ctica que result\u00f3 en el arresto de Caro Quintero: la aprehensi\u00f3n de Caro Quintero fue realizada exclusivamente por el Gobierno mexicano\u201c, asegur\u00f3.<\/p>\n\n\n\n<p>Ken Salazar destac\u00f3 que la Marina realiz\u00f3 con \u00e9xito el operativo, los felicit\u00f3 y lament\u00f3 la p\u00e9rdida de 14 marinos.<\/p>\n\n\n\n<p>De acuerdo con el embajador, la captura de Caro Quintero es un hito no s\u00f3lo para ambos gobiernos, sino tambi\u00e9n para la gente de M\u00e9xico y Estados Unidos.<\/p>\n\n\n\n<p>\u201cLa exitosa operaci\u00f3n mexicana ejemplifica lo que podemos lograr al trabajar juntos para salvaguardar a los ciudadanos de&nbsp;M\u00e9xico y los Estados Unidos\u201d, se\u00f1al\u00f3.<\/p>\n\n\n\n<p>(Con informaci\u00f3n de \u201cEl Financiero\u201d y \u201cAnimal Pol\u00edtico\u201d)<\/p>\n","protected":false},"excerpt":{"rendered":"<p>Redacci\u00f3n\/Zona Roja Cdmx. Ciudad de M\u00e9xico, 17 de julio de 2022.- La Agencia Antidrogas de&hellip;<\/p>\n","protected":false},"author":2,"featured_media":43625,"comment_status":"closed","ping_status":"open","sticky":false,"template":"","format":"standard","meta":{"_lmt_disableupdate":"","_lmt_disable":"","_jetpack_memberships_contains_paid_content":false,"footnotes":""},"categories":[109,47],"tags":[3195],"class_list":["post-43624","post","type-post","status-publish","format-standard","has-post-thumbnail","hentry","category-minuto-a-minuto","category-zona-gris","tag-rafael-caro-quintero-2"],"jetpack_featured_media_url":"https:\/\/zonaroja.com.mx\/wp-content\/uploads\/2022\/07\/Detencion-de-Caro-Quintero.jpeg","jetpack_sharing_enabled":true,"_links":{"self":[{"href":"https:\/\/zonaroja.com.mx\/index.php?rest_route=\/wp\/v2\/posts\/43624","targetHints":{"allow":["GET"]}}],"collection":[{"href":"https:\/\/zonaroja.com.mx\/index.php?rest_route=\/wp\/v2\/posts"}],"about":[{"href":"https:\/\/zonaroja.com.mx\/index.php?rest_route=\/wp\/v2\/types\/post"}],"author":[{"embeddable":true,"href":"https:\/\/zonaroja.com.mx\/index.php?rest_route=\/wp\/v2\/users\/2"}],"replies":[{"embeddable":true,"href":"https:\/\/zonaroja.com.mx\/index.php?rest_route=%2Fwp%2Fv2%2Fcomments&post=43624"}],"version-history":[{"count":1,"href":"https:\/\/zonaroja.com.mx\/index.php?rest_route=\/wp\/v2\/posts\/43624\/revisions"}],"predecessor-version":[{"id":43626,"href":"https:\/\/zonaroja.com.mx\/index.php?rest_route=\/wp\/v2\/posts\/43624\/revisions\/43626"}],"wp:featuredmedia":[{"embeddable":true,"href":"https:\/\/zonaroja.com.mx\/index.php?rest_route=\/wp\/v2\/media\/43625"}],"wp:attachment":[{"href":"https:\/\/zonaroja.com.mx\/index.php?rest_route=%2Fwp%2Fv2%2Fmedia&parent=43624"}],"wp:term":[{"taxonomy":"category","embeddable":true,"href":"https:\/\/zonaroja.com.mx\/index.php?rest_route=%2Fwp%2Fv2%2Fcategories&post=43624"},{"taxonomy":"post_tag","embeddable":true,"href":"https:\/\/zonaroja.com.mx\/index.php?rest_route=%2Fwp%2Fv2%2Ftags&post=43624"}],"curies":[{"name":"wp","href":"https:\/\/api.w.org\/{rel}","templated":true}]}}