{"id":43628,"date":"2022-07-17T14:03:03","date_gmt":"2022-07-17T19:03:03","guid":{"rendered":"https:\/\/www.zonaroja.com.mx\/?p=43628"},"modified":"2022-07-17T14:03:04","modified_gmt":"2022-07-17T19:03:04","slug":"confirma-fiscalia-de-oaxaca-dos-muertos-una-mujer-y-un-policia-en-soyaltepec","status":"publish","type":"post","link":"https:\/\/zonaroja.com.mx\/?p=43628","title":{"rendered":"Confirma Fiscal\u00eda de Oaxaca dos muertos, una mujer y un polic\u00eda, en Soyaltepec"},"content":{"rendered":"\n<p>Redacci\u00f3n\/Zona Roja.<\/p>\n\n\n\n<p>Oaxaca de Ju\u00e1rez, Oax., 17 de julio de 2022.-&nbsp;La Fiscal\u00eda General del Estado de Oaxaca (FGEO) inici\u00f3 Carpeta de Investigaci\u00f3n por el delito de homicidio y lesiones calificadas, luego de un ataque armado suscitado en jurisdicci\u00f3n de San Miguel Soyaltepec, en la regi\u00f3n de la Cuenca, donde perdi\u00f3 la vida un elemento de la Polic\u00eda Estatal de la Secretar\u00eda de Seguridad P\u00fablica de Oaxaca (SSPO), incidente en el que tambi\u00e9n result\u00f3 herido otro efectivo, adem\u00e1s de que se reporta el fallecimiento de una mujer y un masculino herido. &nbsp;<\/p>\n\n\n\n<p>De acuerdo con la carpeta de investigaci\u00f3n 24708\/FCUE\/TUXTEPEC\/2022, la noche del 16 de julio del a\u00f1o en curso, elementos de la Polic\u00eda Estatal fueron agredidos con disparos de arma de fuego por sujetos desconocidos.&nbsp;<\/p>\n\n\n\n<p>El ataque ocurri\u00f3 cuando realizaban acciones de prevenci\u00f3n del delito en inmediaciones de la localidad de Piedra de Amolar, perteneciente a San Miguel Soyaltepec.<\/p>\n\n\n\n<p>A ra\u00edz de este incidente armado, perdi\u00f3 la vida el efectivo identificado como B. S. P., adem\u00e1s de que otro polic\u00eda result\u00f3 herido (quien recibe atenci\u00f3n m\u00e9dica especializada); asimismo, se report\u00f3 el fallecimiento de una mujer por disparo de arma de fuego y un masculino que present\u00f3 lesiones.&nbsp;<\/p>\n\n\n\n<p>Al tener conocimiento de este delito, la Instituci\u00f3n de procuraci\u00f3n de justicia -a trav\u00e9s de la Vicefiscal\u00eda Regional de la Cuenca-, despleg\u00f3 a su personal multidisciplinario, conformado por Agentes Estatales de Investigaci\u00f3n, peritos y Agentes del Ministerio P\u00fablico, traslad\u00e1ndose al lugar de los hechos para realizar las pesquisas iniciales, a fin de iniciar los actos de investigaci\u00f3n pertinentes para esclarecer con prontitud este crimen y dar con los responsables.<\/p>\n\n\n\n<p>La Fiscal\u00eda General garantiza una exhaustiva investigaci\u00f3n y reitera su convicci\u00f3n de no permitir actos violentos que atenten contra la paz social.<\/p>\n\n\n\n<p>(Comunicado)<\/p>\n","protected":false},"excerpt":{"rendered":"<p>Redacci\u00f3n\/Zona Roja. Oaxaca de Ju\u00e1rez, Oax., 17 de julio de 2022.-&nbsp;La Fiscal\u00eda General del Estado&hellip;<\/p>\n","protected":false},"author":2,"featured_media":43627,"comment_status":"closed","ping_status":"open","sticky":false,"template":"","format":"standard","meta":{"_lmt_disableupdate":"","_lmt_disable":"","_jetpack_memberships_contains_paid_content":false,"footnotes":""},"categories":[109,47],"tags":[1306],"class_list":["post-43628","post","type-post","status-publish","format-standard","has-post-thumbnail","hentry","category-minuto-a-minuto","category-zona-gris","tag-temascal-san-miguel-soyaltepec"],"jetpack_featured_media_url":"https:\/\/zonaroja.com.mx\/wp-content\/uploads\/2022\/07\/img_1923.jpg","jetpack_sharing_enabled":true,"_links":{"self":[{"href":"https:\/\/zonaroja.com.mx\/index.php?rest_route=\/wp\/v2\/posts\/43628","targetHints":{"allow":["GET"]}}],"collection":[{"href":"https:\/\/zonaroja.com.mx\/index.php?rest_route=\/wp\/v2\/posts"}],"about":[{"href":"https:\/\/zonaroja.com.mx\/index.php?rest_route=\/wp\/v2\/types\/post"}],"author":[{"embeddable":true,"href":"https:\/\/zonaroja.com.mx\/index.php?rest_route=\/wp\/v2\/users\/2"}],"replies":[{"embeddable":true,"href":"https:\/\/zonaroja.com.mx\/index.php?rest_route=%2Fwp%2Fv2%2Fcomments&post=43628"}],"version-history":[{"count":1,"href":"https:\/\/zonaroja.com.mx\/index.php?rest_route=\/wp\/v2\/posts\/43628\/revisions"}],"predecessor-version":[{"id":43629,"href":"https:\/\/zonaroja.com.mx\/index.php?rest_route=\/wp\/v2\/posts\/43628\/revisions\/43629"}],"wp:featuredmedia":[{"embeddable":true,"href":"https:\/\/zonaroja.com.mx\/index.php?rest_route=\/wp\/v2\/media\/43627"}],"wp:attachment":[{"href":"https:\/\/zonaroja.com.mx\/index.php?rest_route=%2Fwp%2Fv2%2Fmedia&parent=43628"}],"wp:term":[{"taxonomy":"category","embeddable":true,"href":"https:\/\/zonaroja.com.mx\/index.php?rest_route=%2Fwp%2Fv2%2Fcategories&post=43628"},{"taxonomy":"post_tag","embeddable":true,"href":"https:\/\/zonaroja.com.mx\/index.php?rest_route=%2Fwp%2Fv2%2Ftags&post=43628"}],"curies":[{"name":"wp","href":"https:\/\/api.w.org\/{rel}","templated":true}]}}