{"id":43630,"date":"2022-07-17T17:09:01","date_gmt":"2022-07-17T22:09:01","guid":{"rendered":"http:\/\/www.zonaroja.com.mx\/?p=43630"},"modified":"2022-07-17T17:09:03","modified_gmt":"2022-07-17T22:09:03","slug":"ayuntamiento-de-oaxaca-envia-a-deposito-de-fierro-viejo-obra-de-andriacci","status":"publish","type":"post","link":"https:\/\/zonaroja.com.mx\/?p=43630","title":{"rendered":"Ayuntamiento de Oaxaca env\u00eda a dep\u00f3sito de fierro viejo obra de Andriacci"},"content":{"rendered":"\n<p>Redacci\u00f3n\/Informativo 570.<\/p>\n\n\n\n<p>Oaxaca de Ju\u00e1rez, Oax., 17 de julio de 2022.- El ayuntamiento de Oaxaca de Ju\u00e1rez retir\u00f3 y env\u00edo a un lote donde acumula fierro viejo, una obra titulada \u00abDanzante de la Pluma\u00bb del artista Fernando Andriacci, que hab\u00eda sido colocada a un costado de la Catedral metropolitana.<\/p>\n\n\n\n<p>El conductor del programa \u201cRegeneraci\u00f3n\u201d, Ra\u00fal Castellanos Hern\u00e1ndez, acus\u00f3 al edil Francisco Mart\u00ednez Neri de enga\u00f1arlo, pues seg\u00fan la obra que se coloc\u00f3 con previo aviso al igual que otras en orillas de la Alameda de Le\u00f3n, fueron retiradas para ser trasladadas al cerro del Fort\u00edn, pero esto no sucedi\u00f3 y terminaron en el corral\u00f3n o basurero municipal, agreg\u00f3 el denunciante.<\/p>\n\n\n\n<p>\u00abAlgo no est\u00e1 funcionando en el gobierno municipal\u00bb, apunt\u00f3 Castellanos Hern\u00e1ndez, quien dijo que desde que se coloc\u00f3 la obra, polic\u00edas municipales intervinieron de forma agresiva para evitar esta acci\u00f3n.<\/p>\n\n\n\n<p>Por su parte el artista pl\u00e1stico Andriacci, dijo en su perfil de Facebook que en los \u00faltimos a\u00f1os he tenido una especial necesidad de expresi\u00f3n que no precisamente ha sido plasmada sobre un lienzo y a la cual con mucho cari\u00f1o le he dedicado su tiempo.<\/p>\n\n\n\n<figure class=\"wp-block-image size-large\"><a href=\"http:\/\/www.zonaroja.com.mx\/wp-content\/uploads\/2022\/07\/Escultura-Andriacci-Alameda-Oaxaca.jpg\" data-rel=\"penci-gallery-image-content\" ><img decoding=\"async\" width=\"1024\" height=\"768\" src=\"http:\/\/www.zonaroja.com.mx\/wp-content\/uploads\/2022\/07\/Escultura-Andriacci-Alameda-Oaxaca-1024x768.jpg\" alt=\"\" class=\"wp-image-43632\" srcset=\"https:\/\/zonaroja.com.mx\/wp-content\/uploads\/2022\/07\/Escultura-Andriacci-Alameda-Oaxaca-1024x768.jpg 1024w, https:\/\/zonaroja.com.mx\/wp-content\/uploads\/2022\/07\/Escultura-Andriacci-Alameda-Oaxaca-300x225.jpg 300w, https:\/\/zonaroja.com.mx\/wp-content\/uploads\/2022\/07\/Escultura-Andriacci-Alameda-Oaxaca-768x576.jpg 768w, https:\/\/zonaroja.com.mx\/wp-content\/uploads\/2022\/07\/Escultura-Andriacci-Alameda-Oaxaca-1536x1152.jpg 1536w, https:\/\/zonaroja.com.mx\/wp-content\/uploads\/2022\/07\/Escultura-Andriacci-Alameda-Oaxaca-1170x878.jpg 1170w, https:\/\/zonaroja.com.mx\/wp-content\/uploads\/2022\/07\/Escultura-Andriacci-Alameda-Oaxaca-585x439.jpg 585w, https:\/\/zonaroja.com.mx\/wp-content\/uploads\/2022\/07\/Escultura-Andriacci-Alameda-Oaxaca.jpg 1600w\" sizes=\"(max-width: 1024px) 100vw, 1024px\" \/><\/a><\/figure>\n\n\n\n<p>\u00abEsto naci\u00f3 a ra\u00edz del 2006 despu\u00e9s del movimiento social tan fuerte que vivimos en Oaxaca y donde desafortunadamente me di cuenta de que la imagen de mi bello estado hab\u00eda sido afectada, de ah\u00ed naci\u00f3 esta ilusi\u00f3n por hacer algo desde mi trinchera.<\/p>\n\n\n\n<p>\u201cHoy mi apreciado \u2018Danzante de la Pluma\u2019 termina arrumbado en un corral\u00f3n, tal parece que tienen m\u00e1s cabida los manifestantes, marchas y puestos ambulantes que pueden permanecer vistiendo nuestras calles y nadie les dice ni hace nada\u00bb, dijo.&nbsp;<\/p>\n\n\n\n<p>Las obras de Andriacci han generado opiniones divididas en la opini\u00f3n p\u00fabica, en especial en redes sociales, toda vez que mientras algunos usuarios muestran su conformidad, otros se oponen a que se luzcan este tipo de esculturas en las vialidades o \u00e1reas de la ciudad denominada Patrimonio Cultural de la Humanidad.<\/p>\n\n\n\n<p>Fue la noche del pasado jueves en que se comenz\u00f3 a colocar la escultura met\u00e1lica, a un costado de la avenida Independencia, cerca de la Alameda de Le\u00f3n, y fue retirada ayer por una gr\u00faa del ayuntamiento.<\/p>\n","protected":false},"excerpt":{"rendered":"<p>Redacci\u00f3n\/Informativo 570. Oaxaca de Ju\u00e1rez, Oax., 17 de julio de 2022.- El ayuntamiento de Oaxaca&hellip;<\/p>\n","protected":false},"author":2,"featured_media":43631,"comment_status":"closed","ping_status":"open","sticky":false,"template":"","format":"standard","meta":{"_lmt_disableupdate":"","_lmt_disable":"","_jetpack_memberships_contains_paid_content":false,"footnotes":""},"categories":[109,47],"tags":[3196,148],"class_list":["post-43630","post","type-post","status-publish","format-standard","has-post-thumbnail","hentry","category-minuto-a-minuto","category-zona-gris","tag-fernando-andriacci","tag-oaxaca-de-juarez"],"jetpack_featured_media_url":"https:\/\/zonaroja.com.mx\/wp-content\/uploads\/2022\/07\/Escultura-Fernando-Andriacci-danzante-Oaxaca.jpg","jetpack_sharing_enabled":true,"_links":{"self":[{"href":"https:\/\/zonaroja.com.mx\/index.php?rest_route=\/wp\/v2\/posts\/43630","targetHints":{"allow":["GET"]}}],"collection":[{"href":"https:\/\/zonaroja.com.mx\/index.php?rest_route=\/wp\/v2\/posts"}],"about":[{"href":"https:\/\/zonaroja.com.mx\/index.php?rest_route=\/wp\/v2\/types\/post"}],"author":[{"embeddable":true,"href":"https:\/\/zonaroja.com.mx\/index.php?rest_route=\/wp\/v2\/users\/2"}],"replies":[{"embeddable":true,"href":"https:\/\/zonaroja.com.mx\/index.php?rest_route=%2Fwp%2Fv2%2Fcomments&post=43630"}],"version-history":[{"count":1,"href":"https:\/\/zonaroja.com.mx\/index.php?rest_route=\/wp\/v2\/posts\/43630\/revisions"}],"predecessor-version":[{"id":43633,"href":"https:\/\/zonaroja.com.mx\/index.php?rest_route=\/wp\/v2\/posts\/43630\/revisions\/43633"}],"wp:featuredmedia":[{"embeddable":true,"href":"https:\/\/zonaroja.com.mx\/index.php?rest_route=\/wp\/v2\/media\/43631"}],"wp:attachment":[{"href":"https:\/\/zonaroja.com.mx\/index.php?rest_route=%2Fwp%2Fv2%2Fmedia&parent=43630"}],"wp:term":[{"taxonomy":"category","embeddable":true,"href":"https:\/\/zonaroja.com.mx\/index.php?rest_route=%2Fwp%2Fv2%2Fcategories&post=43630"},{"taxonomy":"post_tag","embeddable":true,"href":"https:\/\/zonaroja.com.mx\/index.php?rest_route=%2Fwp%2Fv2%2Ftags&post=43630"}],"curies":[{"name":"wp","href":"https:\/\/api.w.org\/{rel}","templated":true}]}}