{"id":43635,"date":"2022-07-17T17:30:08","date_gmt":"2022-07-17T22:30:08","guid":{"rendered":"http:\/\/www.zonaroja.com.mx\/?p=43635"},"modified":"2022-07-17T17:30:10","modified_gmt":"2022-07-17T22:30:10","slug":"matan-a-balazos-a-un-menor-y-lesionan-a-dos-en-huajuapan-oaxaca","status":"publish","type":"post","link":"https:\/\/zonaroja.com.mx\/?p=43635","title":{"rendered":"Matan a balazos a un menor y lesionan a dos, en Huajuapan, Oaxaca"},"content":{"rendered":"\n<p>Redacci\u00f3n\/Zona Roja.<\/p>\n\n\n\n<p>Oaxaca de Ju\u00e1rez, Oax., 17 de julio de 2022.- Un menor de 16 a\u00f1os de edad fallecido y dos j\u00f3venes lesionados, todos por disparo de arma de fuego, es el saldo de un ri\u00f1a campal registrada la madrugada de hoy en el municipio de Huajuapan de Le\u00f3n.<\/p>\n\n\n\n<p>Los hechos ocurrieron aproximadamente a las 04:00 horas en el exterior de un bar ubicado en el bulevar Tierra del Sol, a un costado de la expoferia instalada en la colonia Aviaci\u00f3n de dicha ciudad de la regi\u00f3n Mixteca de Oaxaca.<\/p>\n\n\n\n<p>La v\u00edctima fue identificada con las iniciales C. N. N., mientras que un lesionado en el mismo sitio fue trasladado por una ambulancia de la Cruz Roja Mexicana a un hospital.\u00a0<\/p>\n\n\n\n<p>De acuerdo con autoridades municipales, que dieron una conferencia de esta tarde, la polic\u00eda municipal lleg\u00f3 restablecer el orden, tras la ri\u00f1a atr\u00e1s del llamado Teatro del Pueblo.<\/p>\n\n\n\n<p>Expusieron que el intento de pleito se suscit\u00f3 alrededor de las 03:25 horas en el interior del establecimiento con venta de bebidas alcoh\u00f3licas, por lo cual desaloj\u00f3 a los rijosos y cerr\u00f3 el establecimiento.<\/p>\n\n\n\n<p>Indicaron que, tras operativos de b\u00fasqueda, en la calle Mina, fue hallada una tercera persona lesionada, que tambi\u00e9n fue trasladada a un nosocomio; hasta el momento no hay personas detenidas.<\/p>\n\n\n\n<figure class=\"wp-block-embed is-type-rich is-provider-twitter wp-block-embed-twitter\"><div class=\"wp-block-embed__wrapper\">\n<div class=\"twitter-tweet\"><blockquote class=\"twitter-tweet\" data-lang=\"es\"><p lang=\"es\" dir=\"ltr\"><a href=\"https:\/\/twitter.com\/hashtag\/%C3%9AltimoMinuto?src=hash&amp;ref_src=twsrc%5Etfw\">#\u00daltimoMinuto<\/a> <br>Un adolescente fue asesinado por disparos de arma de fuego y otro m\u00e1s lesionado, tras una ri\u00f1a registrada la madrugada de hoy en la expoferia instalada en la colonia Aviaci\u00f3n de <a href=\"https:\/\/twitter.com\/hashtag\/Huajuapan?src=hash&amp;ref_src=twsrc%5Etfw\">#Huajuapan<\/a> de Le\u00f3n, <a href=\"https:\/\/twitter.com\/hashtag\/Oaxaca?src=hash&amp;ref_src=twsrc%5Etfw\">#Oaxaca<\/a>. <a href=\"https:\/\/t.co\/ExSvywXLEA\">pic.twitter.com\/ExSvywXLEA<\/a><\/p>&mdash; Zona Roja Oaxaca (@ZonaRoja_Oaxaca) <a href=\"https:\/\/twitter.com\/ZonaRoja_Oaxaca\/status\/1548749050270425090?ref_src=twsrc%5Etfw\">17 de julio de 2022<\/a><\/blockquote><\/div>\n<\/div><\/figure>\n","protected":false},"excerpt":{"rendered":"<p>Redacci\u00f3n\/Zona Roja. Oaxaca de Ju\u00e1rez, Oax., 17 de julio de 2022.- Un menor de 16&hellip;<\/p>\n","protected":false},"author":2,"featured_media":43636,"comment_status":"closed","ping_status":"open","sticky":false,"template":"","format":"standard","meta":{"_lmt_disableupdate":"","_lmt_disable":"","_jetpack_memberships_contains_paid_content":false,"footnotes":""},"categories":[109,51],"tags":[594],"class_list":["post-43635","post","type-post","status-publish","format-standard","has-post-thumbnail","hentry","category-minuto-a-minuto","category-zona-roja","tag-huajuapan-de-leon"],"jetpack_featured_media_url":"https:\/\/zonaroja.com.mx\/wp-content\/uploads\/2022\/07\/Asesinado-rina-Huajuapan-de-Leon.jpg","jetpack_sharing_enabled":true,"_links":{"self":[{"href":"https:\/\/zonaroja.com.mx\/index.php?rest_route=\/wp\/v2\/posts\/43635","targetHints":{"allow":["GET"]}}],"collection":[{"href":"https:\/\/zonaroja.com.mx\/index.php?rest_route=\/wp\/v2\/posts"}],"about":[{"href":"https:\/\/zonaroja.com.mx\/index.php?rest_route=\/wp\/v2\/types\/post"}],"author":[{"embeddable":true,"href":"https:\/\/zonaroja.com.mx\/index.php?rest_route=\/wp\/v2\/users\/2"}],"replies":[{"embeddable":true,"href":"https:\/\/zonaroja.com.mx\/index.php?rest_route=%2Fwp%2Fv2%2Fcomments&post=43635"}],"version-history":[{"count":1,"href":"https:\/\/zonaroja.com.mx\/index.php?rest_route=\/wp\/v2\/posts\/43635\/revisions"}],"predecessor-version":[{"id":43637,"href":"https:\/\/zonaroja.com.mx\/index.php?rest_route=\/wp\/v2\/posts\/43635\/revisions\/43637"}],"wp:featuredmedia":[{"embeddable":true,"href":"https:\/\/zonaroja.com.mx\/index.php?rest_route=\/wp\/v2\/media\/43636"}],"wp:attachment":[{"href":"https:\/\/zonaroja.com.mx\/index.php?rest_route=%2Fwp%2Fv2%2Fmedia&parent=43635"}],"wp:term":[{"taxonomy":"category","embeddable":true,"href":"https:\/\/zonaroja.com.mx\/index.php?rest_route=%2Fwp%2Fv2%2Fcategories&post=43635"},{"taxonomy":"post_tag","embeddable":true,"href":"https:\/\/zonaroja.com.mx\/index.php?rest_route=%2Fwp%2Fv2%2Ftags&post=43635"}],"curies":[{"name":"wp","href":"https:\/\/api.w.org\/{rel}","templated":true}]}}