{"id":43638,"date":"2022-07-17T20:36:04","date_gmt":"2022-07-18T01:36:04","guid":{"rendered":"http:\/\/www.zonaroja.com.mx\/?p=43638"},"modified":"2022-07-17T20:36:06","modified_gmt":"2022-07-18T01:36:06","slug":"a-dos-dias-del-hecho-detienen-a-presunto-homicida-de-huajuapan","status":"publish","type":"post","link":"https:\/\/zonaroja.com.mx\/?p=43638","title":{"rendered":"A dos d\u00edas del hecho, detienen a presunto homicida de Huajuapan"},"content":{"rendered":"\n<p>Redacci\u00f3n\/Zona Roja.&nbsp;<\/p>\n\n\n\n<p>Oaxaca de Ju\u00e1rez, Oax., 17 de julio de 2022.- La Fiscal\u00eda General del Estado de Oaxaca (FGEO) ejecut\u00f3 orden de aprehensi\u00f3n contra una persona del sexo masculino identificada con las iniciales W. P. A., quien est\u00e1 imputado por su probable responsabilidad en la comisi\u00f3n del delito de homicidio doloso calificado con ventaja, cometido el 13 de julio del a\u00f1o en curso en el municipio de Huajuapan de Le\u00f3n, en la Mixteca oaxaque\u00f1a.<\/p>\n\n\n\n<p>De acuerdo con los hechos asentados en la carpeta de investigaci\u00f3n 24342\/FMIX\/HUAJUAPAN\/2022, el delito fue cometido cuando el responsable y la v\u00edctima se encontraban en la colonia El Mirador, perteneciente a la demarcaci\u00f3n antes mencionada.<\/p>\n\n\n\n<p>Luego de una discusi\u00f3n, presuntamente W. P. A. empu\u00f1\u00f3 un arma punzocortante y agredi\u00f3 a la v\u00edctima identificada como J. F. M. M., a quien infligi\u00f3 lesiones en el cuello que le provocaron la muerte.<\/p>\n\n\n\n<p>Cuando la FGEO tom\u00f3 conocimiento del caso, inici\u00f3 las investigaciones pertinentes a trav\u00e9s de la Vicefiscal\u00eda Regional de la Mixteca, lo cual permiti\u00f3 establecer las probables responsabilidades y tan solo 48 horas despu\u00e9s de cometido el crimen, se logr\u00f3 ejecutar una orden de aprehensi\u00f3n contra el probable responsable quien ser\u00e1 presentado ante la autoridad que lo requiri\u00f3 para determinar su situaci\u00f3n jur\u00eddica.<\/p>\n\n\n\n<p>VINCULADO A PROCESO<\/p>\n\n\n\n<p>En otro caso, la Fiscal\u00eda General del Estado de Oaxaca (FGEO) obtuvo, del Juzgado de Control, auto de vinculaci\u00f3n a proceso contra la persona del sexo masculino identificada como V. L. M., probable responsable de los delitos de homicidio culposo en agravio de cuatro personas (entre ellas dos mujeres y un menor de edad), as\u00ed como de lesiones en contra de una mujer y otro menor de edad, as\u00ed como el delito de da\u00f1os, cometidos en jurisdicci\u00f3n de Magdalena Ocotl\u00e1n, distrito de Ocotl\u00e1n, en la regi\u00f3n de Valles Centrales.<\/p>\n\n\n\n<p>De acuerdo con los hechos asentados en la causa penal 818\/2022, la noche del 10 de julio de 2022, se report\u00f3 un accidente vehicular en un tramo de la carretera federal 175, perteneciente a Magdalena Ocotl\u00e1n, percance que probablemente fue ocasionado por el imputado, quien impact\u00f3 el veh\u00edculo en el que viajaban los masculinos H. A. V. y un menor de edad, as\u00ed como&nbsp; las mujeres C. V. y P. A. V. quienes perdieron la vida a causa de las lesiones infligidas, en tanto que la mujer M. L. R. y otro menor de edad de edad resultaron lesionados.<\/p>\n\n\n\n<p>Tras el accidente, elementos de la polic\u00eda estatal arribaron al lugar de los hechos y luego de asegurar al probable responsable lo entregaron a personal de la FGEO, que lo present\u00f3 ante el Juzgado de Control.<\/p>\n\n\n\n<p>En audiencia y tras validar los datos de prueba aportados por la Direcci\u00f3n de Averiguaciones Previas y Procesos, el Juez en turno determin\u00f3 vincular a proceso a V. L. M., imponiendo la medida cautelar de prisi\u00f3n preventiva oficiosa y otorg\u00f3 dos meses para el cierre de investigaci\u00f3n complementaria.<\/p>\n","protected":false},"excerpt":{"rendered":"<p>Redacci\u00f3n\/Zona Roja.&nbsp; Oaxaca de Ju\u00e1rez, Oax., 17 de julio de 2022.- La Fiscal\u00eda General del&hellip;<\/p>\n","protected":false},"author":2,"featured_media":43639,"comment_status":"closed","ping_status":"open","sticky":false,"template":"","format":"standard","meta":{"_lmt_disableupdate":"","_lmt_disable":"","_jetpack_memberships_contains_paid_content":false,"footnotes":""},"categories":[109,46],"tags":[494],"class_list":["post-43638","post","type-post","status-publish","format-standard","has-post-thumbnail","hentry","category-minuto-a-minuto","category-zona-blanca","tag-fiscalia-general-del-estado-de-oaxaca"],"jetpack_featured_media_url":"https:\/\/zonaroja.com.mx\/wp-content\/uploads\/2022\/07\/Detenido-presunto-asesino-Huajuapan.jpg","jetpack_sharing_enabled":true,"_links":{"self":[{"href":"https:\/\/zonaroja.com.mx\/index.php?rest_route=\/wp\/v2\/posts\/43638","targetHints":{"allow":["GET"]}}],"collection":[{"href":"https:\/\/zonaroja.com.mx\/index.php?rest_route=\/wp\/v2\/posts"}],"about":[{"href":"https:\/\/zonaroja.com.mx\/index.php?rest_route=\/wp\/v2\/types\/post"}],"author":[{"embeddable":true,"href":"https:\/\/zonaroja.com.mx\/index.php?rest_route=\/wp\/v2\/users\/2"}],"replies":[{"embeddable":true,"href":"https:\/\/zonaroja.com.mx\/index.php?rest_route=%2Fwp%2Fv2%2Fcomments&post=43638"}],"version-history":[{"count":1,"href":"https:\/\/zonaroja.com.mx\/index.php?rest_route=\/wp\/v2\/posts\/43638\/revisions"}],"predecessor-version":[{"id":43640,"href":"https:\/\/zonaroja.com.mx\/index.php?rest_route=\/wp\/v2\/posts\/43638\/revisions\/43640"}],"wp:featuredmedia":[{"embeddable":true,"href":"https:\/\/zonaroja.com.mx\/index.php?rest_route=\/wp\/v2\/media\/43639"}],"wp:attachment":[{"href":"https:\/\/zonaroja.com.mx\/index.php?rest_route=%2Fwp%2Fv2%2Fmedia&parent=43638"}],"wp:term":[{"taxonomy":"category","embeddable":true,"href":"https:\/\/zonaroja.com.mx\/index.php?rest_route=%2Fwp%2Fv2%2Fcategories&post=43638"},{"taxonomy":"post_tag","embeddable":true,"href":"https:\/\/zonaroja.com.mx\/index.php?rest_route=%2Fwp%2Fv2%2Ftags&post=43638"}],"curies":[{"name":"wp","href":"https:\/\/api.w.org\/{rel}","templated":true}]}}