{"id":43643,"date":"2022-07-18T07:40:57","date_gmt":"2022-07-18T12:40:57","guid":{"rendered":"http:\/\/www.zonaroja.com.mx\/?p=43643"},"modified":"2022-07-18T07:40:59","modified_gmt":"2022-07-18T12:40:59","slug":"en-ultima-semana-oaxaca-registro-496-casos-de-covid-diarios","status":"publish","type":"post","link":"https:\/\/zonaroja.com.mx\/?p=43643","title":{"rendered":"En \u00faltima semana, Oaxaca registr\u00f3 496 casos de Covid diarios"},"content":{"rendered":"\n<p>Redacci\u00f3n\/Zona Roja.<\/p>\n\n\n\n<p>Oaxaca de Ju\u00e1rez, Oax. 17 de julio de 2022.- En la \u00faltima semana, del 10 al 16 de julio, Oaxaca registr\u00f3 tres mil 475 personas contagiadas de Covid-19; es decir, un promedio diario de 496.&nbsp;<\/p>\n\n\n\n<p>Mientras que la semana que le antecedi\u00f3 -del 3 al 9 de julio- fueron dos mil 722, es decir, un promedio de 388 cada d\u00eda.<\/p>\n\n\n\n<p>De acuerdo con un comunicado de los Servicios de Salud de Oaxaca (SSO), por los tres mil 475 personas contagiadas, en estos \u00faltimos siete d\u00edas, significa que hubo un incremento del 27.66% en comparaci\u00f3n a la semana anterior.<\/p>\n\n\n\n<p>En tanto, en el per\u00edodo que se informa se notificaron seis lamentables decesos a causa de esta patolog\u00eda respiratoria y el promedio de ocupaci\u00f3n hospitalaria fue de 15.6%<\/p>\n\n\n\n<p>Mientras que el global de defunciones desde el inicio de la pandemia a la fecha es de seis mil 244 p\u00e9rdidas de vidas humanas. El acumulado de casos confirmados es de 132 mil 756 casos.<\/p>\n\n\n\n<p>La dependencia hizo \u00e9nfasis al se\u00f1alar que el Covid-19 sigue activo en la entidad, por ello es importante que todo el tiempo \u201ccontinuemos implementado con disciplina las medidas sanitarias vigentes para evitar un incremento exponencial de contagios como son: el uso correcto del cubrebocas, el lavado de manos frecuente con agua y jab\u00f3n, mantener la sana distancia, as\u00ed como priorizar los espacios abiertos y con buena ventilaci\u00f3n\u201d.<\/p>\n\n\n\n<p>Record\u00f3 a la poblaci\u00f3n que, el autocuidado es responsabilidad de todas y todos, por ello, si las personas presentan s\u00edntomas del virus SARS-CoV-2, deber\u00e1n acudir a la unidad de salud m\u00e1s cercana, \u00abay\u00fadanos a frenar la enfermedad\u00bb, puntualiz\u00f3.<\/p>\n\n\n\n<figure class=\"wp-block-embed is-type-rich is-provider-twitter wp-block-embed-twitter\"><div class=\"wp-block-embed__wrapper\">\n<div class=\"twitter-tweet\"><blockquote class=\"twitter-tweet\" data-lang=\"es\"><p lang=\"es\" dir=\"ltr\"><a href=\"https:\/\/twitter.com\/hashtag\/%C3%9AltimoMinuto?src=hash&amp;ref_src=twsrc%5Etfw\">#\u00daltimoMinuto<\/a> <br>Del 10 al 16 de julio -v\u00edsperas de la <a href=\"https:\/\/twitter.com\/hashtag\/Guelaguetza2022?src=hash&amp;ref_src=twsrc%5Etfw\">#Guelaguetza2022<\/a>-, <a href=\"https:\/\/twitter.com\/hashtag\/Oaxaca?src=hash&amp;ref_src=twsrc%5Etfw\">#Oaxaca<\/a> registro 3 mil 475 contagios y 6 fallecimientos a causa del <a href=\"https:\/\/twitter.com\/hashtag\/Covid?src=hash&amp;ref_src=twsrc%5Etfw\">#Covid<\/a>. <br>Hay 4 mil 384 casos activos y 5 nosocomios saturados, informan los <a href=\"https:\/\/twitter.com\/SSO_GobOax?ref_src=twsrc%5Etfw\">@SSO_GobOax<\/a>. <a href=\"https:\/\/t.co\/QehLGxs9YA\">pic.twitter.com\/QehLGxs9YA<\/a><\/p>&mdash; Zona Roja Oaxaca (@ZonaRoja_Oaxaca) <a href=\"https:\/\/twitter.com\/ZonaRoja_Oaxaca\/status\/1548826885353766912?ref_src=twsrc%5Etfw\">18 de julio de 2022<\/a><\/blockquote><\/div>\n<\/div><\/figure>\n","protected":false},"excerpt":{"rendered":"<p>Redacci\u00f3n\/Zona Roja. Oaxaca de Ju\u00e1rez, Oax. 17 de julio de 2022.- En la \u00faltima semana,&hellip;<\/p>\n","protected":false},"author":2,"featured_media":43644,"comment_status":"closed","ping_status":"open","sticky":false,"template":"","format":"standard","meta":{"_lmt_disableupdate":"","_lmt_disable":"","_jetpack_memberships_contains_paid_content":false,"footnotes":""},"categories":[109,47],"tags":[1512],"class_list":["post-43643","post","type-post","status-publish","format-standard","has-post-thumbnail","hentry","category-minuto-a-minuto","category-zona-gris","tag-coronavirus-oaxaca"],"jetpack_featured_media_url":"https:\/\/zonaroja.com.mx\/wp-content\/uploads\/2022\/07\/Gente-calles-ciudad-de-Oaxaca-Covid-Guelaguetza.jpg","jetpack_sharing_enabled":true,"_links":{"self":[{"href":"https:\/\/zonaroja.com.mx\/index.php?rest_route=\/wp\/v2\/posts\/43643","targetHints":{"allow":["GET"]}}],"collection":[{"href":"https:\/\/zonaroja.com.mx\/index.php?rest_route=\/wp\/v2\/posts"}],"about":[{"href":"https:\/\/zonaroja.com.mx\/index.php?rest_route=\/wp\/v2\/types\/post"}],"author":[{"embeddable":true,"href":"https:\/\/zonaroja.com.mx\/index.php?rest_route=\/wp\/v2\/users\/2"}],"replies":[{"embeddable":true,"href":"https:\/\/zonaroja.com.mx\/index.php?rest_route=%2Fwp%2Fv2%2Fcomments&post=43643"}],"version-history":[{"count":1,"href":"https:\/\/zonaroja.com.mx\/index.php?rest_route=\/wp\/v2\/posts\/43643\/revisions"}],"predecessor-version":[{"id":43645,"href":"https:\/\/zonaroja.com.mx\/index.php?rest_route=\/wp\/v2\/posts\/43643\/revisions\/43645"}],"wp:featuredmedia":[{"embeddable":true,"href":"https:\/\/zonaroja.com.mx\/index.php?rest_route=\/wp\/v2\/media\/43644"}],"wp:attachment":[{"href":"https:\/\/zonaroja.com.mx\/index.php?rest_route=%2Fwp%2Fv2%2Fmedia&parent=43643"}],"wp:term":[{"taxonomy":"category","embeddable":true,"href":"https:\/\/zonaroja.com.mx\/index.php?rest_route=%2Fwp%2Fv2%2Fcategories&post=43643"},{"taxonomy":"post_tag","embeddable":true,"href":"https:\/\/zonaroja.com.mx\/index.php?rest_route=%2Fwp%2Fv2%2Ftags&post=43643"}],"curies":[{"name":"wp","href":"https:\/\/api.w.org\/{rel}","templated":true}]}}