{"id":43646,"date":"2022-07-18T07:57:48","date_gmt":"2022-07-18T12:57:48","guid":{"rendered":"http:\/\/www.zonaroja.com.mx\/?p=43646"},"modified":"2022-07-18T07:57:50","modified_gmt":"2022-07-18T12:57:50","slug":"matan-a-un-hombre-y-una-mujer-en-juquila-mixe-a-otro-individuo-en-pluma-hidalgo","status":"publish","type":"post","link":"https:\/\/zonaroja.com.mx\/?p=43646","title":{"rendered":"Matan a un hombre y una mujer en Juquila Mixe; a otro individuo en Pluma Hidalgo"},"content":{"rendered":"\n<p>Ismael Garc\u00eda M.\/Zona Roja.<\/p>\n\n\n\n<p>Oaxaca de Ju\u00e1rez, Oax., 18 de julio de 2022.- Otras tres personas fueron asesinadas ayer domingo en Oaxaca, entre ellas una mujer, con lo que suman cuatro asesinatos en un aproximado de 12 horas.<\/p>\n\n\n\n<p>En una vivienda localizada camino a la localidad de Cosomate, en el municipio de San Juan Juquila Mixe, fueron localizados los cuerpos de dos adultos mayores, identificados como Epifan\u00eda Hern\u00e1ndez, de 78 a\u00f1os de edad, y Porfirio Jos\u00e9 Avelino, de 88 a\u00f1os.<\/p>\n\n\n\n<p>Hab\u00edan sido reportados como desaparecidos una semana antes y hasta ayer pudieron rescatar los cuerpos, que de manera preliminar se inform\u00f3 que presentan disparos de arma de fuego.<\/p>\n\n\n\n<p>Los occisos formaban parte de los m\u00e1s de 500 desplazados de la agencia de Guadalupe Victoria, y que siguen viviendo en condiciones precarias en la cabecera municipal.<\/p>\n\n\n\n<p>Apenas el pasado jueves 14 de junio, fue ultimado a balazos el representante de dichos expulsados, el activista y defensor de derechos humanos Crisp\u00edn Reyes Pablo. En los tres casos no hay personas detenidas.<\/p>\n\n\n\n<p>En tanto que alrededor de la media noche de ayer, en Pluma Hidalgo, municipio de la regi\u00f3n Costa de Oaxaca, fue ultimado un individuo con arma blanca.<\/p>\n\n\n\n<p>Fue identificado como Misael Figueroa L., presuntamente fue ultimado tras asalto.<\/p>\n\n\n\n<p>Mientras tanto, en las primeras horas de este lunes, una persona del sexo masculino, identificada de manera preliminar como Jos\u00e9 Diego Caballero, fue atacada a balazos en la colonia Ni\u00f1os H\u00e9roes de Santa Mar\u00eda Atzompa, municipio conurbado a la capital, y trasladado a un hospital de la ciudad.<\/p>\n\n\n\n<p>Como se inform\u00f3 ayer, un menor de 16 a\u00f1os de edad fue asesinado a balazos en la expoferia de Huajuapan de Le\u00f3n, por una presunta ri\u00f1a, donde adem\u00e1s resultaron lesionados otros dos j\u00f3venes.<\/p>\n","protected":false},"excerpt":{"rendered":"<p>Ismael Garc\u00eda M.\/Zona Roja. Oaxaca de Ju\u00e1rez, Oax., 18 de julio de 2022.- Otras tres&hellip;<\/p>\n","protected":false},"author":2,"featured_media":7486,"comment_status":"closed","ping_status":"open","sticky":false,"template":"","format":"standard","meta":{"_lmt_disableupdate":"","_lmt_disable":"","_jetpack_memberships_contains_paid_content":false,"footnotes":""},"categories":[109,51],"tags":[2822],"class_list":["post-43646","post","type-post","status-publish","format-standard","has-post-thumbnail","hentry","category-minuto-a-minuto","category-zona-roja","tag-san-juan-juquila-mixe"],"jetpack_featured_media_url":"https:\/\/zonaroja.com.mx\/wp-content\/uploads\/2020\/01\/Escena-del-crimen7.jpg","jetpack_sharing_enabled":true,"_links":{"self":[{"href":"https:\/\/zonaroja.com.mx\/index.php?rest_route=\/wp\/v2\/posts\/43646","targetHints":{"allow":["GET"]}}],"collection":[{"href":"https:\/\/zonaroja.com.mx\/index.php?rest_route=\/wp\/v2\/posts"}],"about":[{"href":"https:\/\/zonaroja.com.mx\/index.php?rest_route=\/wp\/v2\/types\/post"}],"author":[{"embeddable":true,"href":"https:\/\/zonaroja.com.mx\/index.php?rest_route=\/wp\/v2\/users\/2"}],"replies":[{"embeddable":true,"href":"https:\/\/zonaroja.com.mx\/index.php?rest_route=%2Fwp%2Fv2%2Fcomments&post=43646"}],"version-history":[{"count":1,"href":"https:\/\/zonaroja.com.mx\/index.php?rest_route=\/wp\/v2\/posts\/43646\/revisions"}],"predecessor-version":[{"id":43647,"href":"https:\/\/zonaroja.com.mx\/index.php?rest_route=\/wp\/v2\/posts\/43646\/revisions\/43647"}],"wp:featuredmedia":[{"embeddable":true,"href":"https:\/\/zonaroja.com.mx\/index.php?rest_route=\/wp\/v2\/media\/7486"}],"wp:attachment":[{"href":"https:\/\/zonaroja.com.mx\/index.php?rest_route=%2Fwp%2Fv2%2Fmedia&parent=43646"}],"wp:term":[{"taxonomy":"category","embeddable":true,"href":"https:\/\/zonaroja.com.mx\/index.php?rest_route=%2Fwp%2Fv2%2Fcategories&post=43646"},{"taxonomy":"post_tag","embeddable":true,"href":"https:\/\/zonaroja.com.mx\/index.php?rest_route=%2Fwp%2Fv2%2Ftags&post=43646"}],"curies":[{"name":"wp","href":"https:\/\/api.w.org\/{rel}","templated":true}]}}