{"id":43648,"date":"2022-07-18T11:04:00","date_gmt":"2022-07-18T16:04:00","guid":{"rendered":"http:\/\/www.zonaroja.com.mx\/?p=43648"},"modified":"2022-07-18T08:08:15","modified_gmt":"2022-07-18T13:08:15","slug":"urgen-politica-de-dialogo-para-comprender-conflictos-en-oaxaca-miguel-alvarez","status":"publish","type":"post","link":"https:\/\/zonaroja.com.mx\/?p=43648","title":{"rendered":"Urgen pol\u00edtica de di\u00e1logo para comprender conflictos en Oaxaca: Miguel \u00c1lvarez"},"content":{"rendered":"\n<p>Yuridiana Sosa\/Zona Roja.<\/p>\n\n\n\n<p>Oaxaca de Ju\u00e1rez, Oax., 18 de julio de 2022.- El defensor Premio Nacional de Derechos Humanos, Miguel \u00c1lvarez G\u00e1ndara, expuso el grave escenario en que se encuentra Oaxaca frente a la conflictividad, donde hace falta gobernar con la cultura del di\u00e1logo y el respeto de derechos humanos.<\/p>\n\n\n\n<p>En esta entidad, apunt\u00f3, no solo se refleja una problem\u00e1tica local, sino tambi\u00e9n nacional, pues presenta una amplia diversidad de problemas que orillas a la sociedad a la movilizaci\u00f3n.<\/p>\n\n\n\n<p>Para el integrante y cofundador de Servicios de Asesor\u00eda para la Paz, A. C. (Serapaz), los conflictos sociales no son algo que se deban evitar, pues m\u00e1s bien deben ser comprendidos, pues de nos ser as\u00ed avanzan a la transformaci\u00f3n de la violencia.<\/p>\n\n\n\n<p>Como participe del estudio \u201cOaxaca 2022: reclamos de justicia y paz\u201d, durante una reciente conferencia en la capital oaxaque\u00f1a, se\u00f1al\u00f3 que actualmente la entidad vive un proceso de cambios irreversibles que no se logran entender.<\/p>\n\n\n\n<p>Destac\u00f3 que los deseos colectivos de la sociedad no est\u00e1n reflejados en los proceso electorales.<\/p>\n\n\n\n<p>\u201cNos preocupa aletear a la sociedad de lo que est\u00e1 pasando, que nos toca ser actores productivos de una generaci\u00f3n, de crear una agenda social y que no solo sea la plataforma electoral donde se establezca un plan de gobierno\u201d, manifest\u00f3.<\/p>\n\n\n\n<p>Agreg\u00f3 que a la sociedad le urge tener una agenda que contemple temas de derechos humanos, desarrollo, participaci\u00f3n pol\u00edtica, entre otros aspectos, eso por una parte, as\u00ed como una sociedad que se moviliza y propone.<\/p>\n\n\n\n<p>Por eso, como portavoz del grupo de trabajo abri\u00f3 la disposici\u00f3n para ser la puerta del di\u00e1logo, y declararon su inter\u00e9s para impulsar conductas e iniciativas de di\u00e1logo entre sociedad y gobiernos.<\/p>\n","protected":false},"excerpt":{"rendered":"<p>Yuridiana Sosa\/Zona Roja. Oaxaca de Ju\u00e1rez, Oax., 18 de julio de 2022.- El defensor Premio&hellip;<\/p>\n","protected":false},"author":2,"featured_media":43610,"comment_status":"closed","ping_status":"open","sticky":false,"template":"","format":"standard","meta":{"_lmt_disableupdate":"","_lmt_disable":"","_jetpack_memberships_contains_paid_content":false,"footnotes":""},"categories":[109,47],"tags":[3197],"class_list":["post-43648","post","type-post","status-publish","format-standard","has-post-thumbnail","hentry","category-minuto-a-minuto","category-zona-gris","tag-miguel-alvarez-gandara"],"jetpack_featured_media_url":"https:\/\/zonaroja.com.mx\/wp-content\/uploads\/2022\/07\/Miguel-Alvarez-2.jpg","jetpack_sharing_enabled":true,"_links":{"self":[{"href":"https:\/\/zonaroja.com.mx\/index.php?rest_route=\/wp\/v2\/posts\/43648","targetHints":{"allow":["GET"]}}],"collection":[{"href":"https:\/\/zonaroja.com.mx\/index.php?rest_route=\/wp\/v2\/posts"}],"about":[{"href":"https:\/\/zonaroja.com.mx\/index.php?rest_route=\/wp\/v2\/types\/post"}],"author":[{"embeddable":true,"href":"https:\/\/zonaroja.com.mx\/index.php?rest_route=\/wp\/v2\/users\/2"}],"replies":[{"embeddable":true,"href":"https:\/\/zonaroja.com.mx\/index.php?rest_route=%2Fwp%2Fv2%2Fcomments&post=43648"}],"version-history":[{"count":1,"href":"https:\/\/zonaroja.com.mx\/index.php?rest_route=\/wp\/v2\/posts\/43648\/revisions"}],"predecessor-version":[{"id":43649,"href":"https:\/\/zonaroja.com.mx\/index.php?rest_route=\/wp\/v2\/posts\/43648\/revisions\/43649"}],"wp:featuredmedia":[{"embeddable":true,"href":"https:\/\/zonaroja.com.mx\/index.php?rest_route=\/wp\/v2\/media\/43610"}],"wp:attachment":[{"href":"https:\/\/zonaroja.com.mx\/index.php?rest_route=%2Fwp%2Fv2%2Fmedia&parent=43648"}],"wp:term":[{"taxonomy":"category","embeddable":true,"href":"https:\/\/zonaroja.com.mx\/index.php?rest_route=%2Fwp%2Fv2%2Fcategories&post=43648"},{"taxonomy":"post_tag","embeddable":true,"href":"https:\/\/zonaroja.com.mx\/index.php?rest_route=%2Fwp%2Fv2%2Ftags&post=43648"}],"curies":[{"name":"wp","href":"https:\/\/api.w.org\/{rel}","templated":true}]}}