{"id":43650,"date":"2022-07-18T08:29:35","date_gmt":"2022-07-18T13:29:35","guid":{"rendered":"http:\/\/www.zonaroja.com.mx\/?p=43650"},"modified":"2022-07-18T08:29:36","modified_gmt":"2022-07-18T13:29:36","slug":"en-tehuantepec-esperan-cuerpo-del-marino-noe-para-velarlo","status":"publish","type":"post","link":"https:\/\/zonaroja.com.mx\/?p=43650","title":{"rendered":"En Tehuantepec, esperan cuerpo del marino No\u00e9 para velarlo"},"content":{"rendered":"\n<p>Redacci\u00f3n\/Bianii Luu Nezaa<\/p>\n\n\n\n<p>Santo Domingo Tehuantepec, Oax., 18 de julio 2022.- En la sala de su casa que acababa de terminar de construir y a la que le faltaban muchos detalles a\u00fan, se hizo un altar con listones verdes y blancos como el de su uniforme y muchos jarrones con flores blancas y una foto de la tantas que les mandaba a su familia, sus hermanas eligieron esa para ponerla en medio del altar.<\/p>\n\n\n\n<p>Su familia, vecinos y amigos que han acudido a esperarlo pasan y lloran al ver la foto de este marino de tan solo 32 a\u00f1os, No\u00e9, que perdi\u00f3 la vida en el accidente del helic\u00f3ptero el pasado viernes, junto a 13 de sus compa\u00f1eros.<\/p>\n\n\n\n<p>Los 39 grados de temperatura ambiente del domingo obligaron a preparar agua de jamaica para mitigar la sed de los asistentes quienes esperan la llegada del f\u00e9retro.<\/p>\n\n\n\n<p>Sus hermanas asistieron ayer al homenaje que se le rindi\u00f3 en la capital del pa\u00eds, y esperaban que arribara anoche el cuerpo a la base a\u00e9rea de Ciudad Ixtepec y posteriormente sea llevado al municipio de Tehuantepec.<\/p>\n\n\n\n<p>No\u00e9 T. F. siempre le pidi\u00f3 a su familia que el d\u00eda que el muriera lo enterraran cerca de su mam\u00e1 que hace nueve meses falleci\u00f3 por Covid-19, hoy su familia le va a cumplir su \u00faltima voluntad, ser\u00e1 sepultado este lunes en el pante\u00f3n del Refugio en el Barrio Guichivere en Tehuantepec.<\/p>\n\n\n\n<p>(Informaci\u00f3n de Martha Izquierdo)<\/p>\n","protected":false},"excerpt":{"rendered":"<p>Redacci\u00f3n\/Bianii Luu Nezaa Santo Domingo Tehuantepec, Oax., 18 de julio 2022.- En la sala de&hellip;<\/p>\n","protected":false},"author":2,"featured_media":43651,"comment_status":"closed","ping_status":"open","sticky":false,"template":"","format":"standard","meta":{"_lmt_disableupdate":"","_lmt_disable":"","_jetpack_memberships_contains_paid_content":false,"footnotes":""},"categories":[109,47],"tags":[],"class_list":["post-43650","post","type-post","status-publish","format-standard","has-post-thumbnail","hentry","category-minuto-a-minuto","category-zona-gris"],"jetpack_featured_media_url":"https:\/\/zonaroja.com.mx\/wp-content\/uploads\/2022\/07\/Marino-Tehuantepec-muerto.jpg","jetpack_sharing_enabled":true,"_links":{"self":[{"href":"https:\/\/zonaroja.com.mx\/index.php?rest_route=\/wp\/v2\/posts\/43650","targetHints":{"allow":["GET"]}}],"collection":[{"href":"https:\/\/zonaroja.com.mx\/index.php?rest_route=\/wp\/v2\/posts"}],"about":[{"href":"https:\/\/zonaroja.com.mx\/index.php?rest_route=\/wp\/v2\/types\/post"}],"author":[{"embeddable":true,"href":"https:\/\/zonaroja.com.mx\/index.php?rest_route=\/wp\/v2\/users\/2"}],"replies":[{"embeddable":true,"href":"https:\/\/zonaroja.com.mx\/index.php?rest_route=%2Fwp%2Fv2%2Fcomments&post=43650"}],"version-history":[{"count":1,"href":"https:\/\/zonaroja.com.mx\/index.php?rest_route=\/wp\/v2\/posts\/43650\/revisions"}],"predecessor-version":[{"id":43652,"href":"https:\/\/zonaroja.com.mx\/index.php?rest_route=\/wp\/v2\/posts\/43650\/revisions\/43652"}],"wp:featuredmedia":[{"embeddable":true,"href":"https:\/\/zonaroja.com.mx\/index.php?rest_route=\/wp\/v2\/media\/43651"}],"wp:attachment":[{"href":"https:\/\/zonaroja.com.mx\/index.php?rest_route=%2Fwp%2Fv2%2Fmedia&parent=43650"}],"wp:term":[{"taxonomy":"category","embeddable":true,"href":"https:\/\/zonaroja.com.mx\/index.php?rest_route=%2Fwp%2Fv2%2Fcategories&post=43650"},{"taxonomy":"post_tag","embeddable":true,"href":"https:\/\/zonaroja.com.mx\/index.php?rest_route=%2Fwp%2Fv2%2Ftags&post=43650"}],"curies":[{"name":"wp","href":"https:\/\/api.w.org\/{rel}","templated":true}]}}