{"id":43655,"date":"2022-07-18T17:19:15","date_gmt":"2022-07-18T22:19:15","guid":{"rendered":"https:\/\/www.zonaroja.com.mx\/?p=43655"},"modified":"2022-07-18T18:37:04","modified_gmt":"2022-07-18T23:37:04","slug":"mientras-inseguridad-crece-edil-de-oaxaca-de-juarez-usa-a-policias-como-jardineros","status":"publish","type":"post","link":"https:\/\/zonaroja.com.mx\/?p=43655","title":{"rendered":"Mientras inseguridad crece, edil de Oaxaca de Ju\u00e1rez usa a polic\u00edas como jardineros"},"content":{"rendered":"\n<p>Yuridiana Sosa\/Zona Roja.&nbsp;<\/p>\n\n\n\n<p>Oaxaca de Ju\u00e1rez, Oax., 18 de julio de 2022.- Con o sin uniforme oficial, elementos de la Polic\u00eda Municipal de Oaxaca de Ju\u00e1rez son designados a realizar labores distintas a la seguridad p\u00fablica en la capital, pese al incremento de hechos violentos en distintos puntos, desde asaltos armados hasta asesinatos a diferentes horas del d\u00eda.<\/p>\n\n\n\n<p>El ayuntamiento que dirige Francisco Mart\u00ednez Neri destin\u00f3 recursos p\u00fablicos para contratar a la empresa privada \u201cArboricultura y jardiner\u00eda de Oaxaca del ingeniero Francisco Pedro Hern\u00e1dez S\u00e1nchez, arborista certificado\u201d para la rehabilitaci\u00f3n de parques y jardines, como el z\u00f3calo y la Alameda.<\/p>\n\n\n\n<p>Sin embargo, para la autoridad no es suficiente el gasto y la corporaci\u00f3n que encabeza Ra\u00fal \u00c1vila Ibarra, secretario de Seguridad municipal, distrae a sus elementos policiales en esas labores.\u00a0<\/p>\n\n\n\n<p>As\u00ed ocurri\u00f3&nbsp;este lunes, cuando unos ocho elementos, portando el uniforme de la corporaci\u00f3n, arribaron al z\u00f3calo de la capital con palas, picos y otras herramientas para realizar actividades de jardiner\u00eda.&nbsp;<\/p>\n\n\n\n<p>Sin informaci\u00f3n p\u00fablica sobre el tipo de plantas que sembrar\u00e1n en las jardineras, ahora copadas de gravilla roja, los polic\u00edas comenzaron a realizar hoyos para las nuevas plantaciones.&nbsp;<\/p>\n\n\n\n<p>Pero no es la \u00fanica ocasi\u00f3n donde la plantilla policial, de por s\u00ed insuficiente para la seguridad, es enviada a ejecutar labores ajenas a su funci\u00f3n p\u00fablica.<\/p>\n\n\n\n<p>Los elementos tambi\u00e9n han fungido como pintora y rotulistas en la Unidad B\u00e1sica de Rehabilitaci\u00f3n ubicada en la agencia de Cinco Se\u00f1ores, donde trabajan vestidos de civiles, seg\u00fan denunciaron.<\/p>\n\n\n\n<p>Desde hace varios d\u00edas, los polic\u00edas cumplen actividades propias de \u00e1reas de servicios municipales, sin que pueden quejarse por temor a represalias.<\/p>\n\n\n\n<figure class=\"wp-block-embed is-type-rich is-provider-twitter wp-block-embed-twitter\"><div class=\"wp-block-embed__wrapper\">\n<div class=\"twitter-tweet\"><blockquote class=\"twitter-tweet\" data-lang=\"es\"><p lang=\"es\" dir=\"ltr\"><a href=\"https:\/\/twitter.com\/hashtag\/ENVIVO?src=hash&amp;ref_src=twsrc%5Etfw\">#ENVIVO<\/a> <br>Oaxaca de Ju\u00e1rez, Oax., 18 de julio de 2022.- Mientras la inseguridad crece en la ciudad de <a href=\"https:\/\/twitter.com\/hashtag\/Oaxaca?src=hash&amp;ref_src=twsrc%5Etfw\">#Oaxaca<\/a>, el ayuntamiento que preside Francisco Mart\u00ednez Neri utiliza a polic\u00edas municipales como jardineros en el z\u00f3calo. <br>Aqu\u00ed la transmisi\u00f3n:<br>\ud83d\udc47<a href=\"https:\/\/t.co\/ZHk5tbKS22\">https:\/\/t.co\/ZHk5tbKS22<\/a> <a href=\"https:\/\/t.co\/ZJ1dtJY2d7\">pic.twitter.com\/ZJ1dtJY2d7<\/a><\/p>&mdash; Zona Roja Oaxaca (@ZonaRoja_Oaxaca) <a href=\"https:\/\/twitter.com\/ZonaRoja_Oaxaca\/status\/1549057590205743104?ref_src=twsrc%5Etfw\">18 de julio de 2022<\/a><\/blockquote><\/div>\n<\/div><\/figure>\n\n\n\n<p>PRIVATIZACI\u00d3N DE PARQUES&nbsp;<\/p>\n\n\n\n<p>En el mismo z\u00f3calo, el Colectivo de Organizaciones Ambientalistas de Oaxaca (COAO), denunci\u00f3 la peligrosa iniciativa del ayuntamiento de Oaxaca de Ju\u00e1rez que podr\u00eda llevar a la privatizaci\u00f3n de los espacios p\u00fablicos.<\/p>\n\n\n\n<p>Se trata del programa \u201cAdopta un parque\u201d, en la que particulares o empresas privadas que se responsabilicen de un espacio para su supuesto cuidado podr\u00edan restringir el uso p\u00fablico.<\/p>\n\n\n\n<p>El ambientalista Nazario Garc\u00eda record\u00f3 que as\u00ed ocurri\u00f3 con el llamado \u201cParque del Amor\u201d, en el que supuestamente el l\u00edder ambulante Hugo Jarqu\u00edn se har\u00eda cargo y termin\u00f3 invadi\u00e9ndolo con su organizaci\u00f3n y dar paso a otros puestos, convirti\u00e9ndolo en una plaza comercial controlada por una organizaci\u00f3n.&nbsp;<\/p>\n\n\n\n<p>Por lo que, sin reglas claras de dicho programa, se puede caer f\u00e1cilmente en otro circunstancias de este tipo.&nbsp;<\/p>\n\n\n\n<p>En ese sentido, interpondr\u00e1n recursos legales necesarios para que ese programa no se lleve a cabo con los fines de ceder derechos a los particulares. <\/p>\n\n\n\n<figure class=\"wp-block-embed is-type-rich is-provider-twitter wp-block-embed-twitter\"><div class=\"wp-block-embed__wrapper\">\n<div class=\"twitter-tweet\"><blockquote class=\"twitter-tweet\" data-lang=\"es\"><p lang=\"es\" dir=\"ltr\"><a href=\"https:\/\/twitter.com\/hashtag\/%C3%9AltimoMinuto?src=hash&amp;ref_src=twsrc%5Etfw\">#\u00daltimoMinuto<\/a> <br>Activistas y ambientalistas denuncian en conferencia de prensa que el <a href=\"https:\/\/twitter.com\/MunicipioOaxaca?ref_src=twsrc%5Etfw\">@MunicipioOaxaca<\/a> que preside <a href=\"https:\/\/twitter.com\/FMartinezNeri?ref_src=twsrc%5Etfw\">@FMartinezNeri<\/a>, pretenden privatizar los parques p\u00fablicos de la capital, ante la incapacidad para brindarles atenci\u00f3n a esos espacios. <a href=\"https:\/\/t.co\/UIrk2plhXw\">pic.twitter.com\/UIrk2plhXw<\/a><\/p>&mdash; Zona Roja Oaxaca (@ZonaRoja_Oaxaca) <a href=\"https:\/\/twitter.com\/ZonaRoja_Oaxaca\/status\/1549050994067009538?ref_src=twsrc%5Etfw\">18 de julio de 2022<\/a><\/blockquote><\/div>\n<\/div><\/figure>\n","protected":false},"excerpt":{"rendered":"<p>Yuridiana Sosa\/Zona Roja.&nbsp; Oaxaca de Ju\u00e1rez, Oax., 18 de julio de 2022.- Con o sin&hellip;<\/p>\n","protected":false},"author":2,"featured_media":43654,"comment_status":"closed","ping_status":"open","sticky":false,"template":"","format":"standard","meta":{"_lmt_disableupdate":"","_lmt_disable":"","_jetpack_memberships_contains_paid_content":false,"footnotes":""},"categories":[109,47],"tags":[2418],"class_list":["post-43655","post","type-post","status-publish","format-standard","has-post-thumbnail","hentry","category-minuto-a-minuto","category-zona-gris","tag-francisco-martinez-neri"],"jetpack_featured_media_url":"https:\/\/zonaroja.com.mx\/wp-content\/uploads\/2022\/07\/8bfeaf9a-5271-4876-95f5-80e76a1f6060.jpg","jetpack_sharing_enabled":true,"_links":{"self":[{"href":"https:\/\/zonaroja.com.mx\/index.php?rest_route=\/wp\/v2\/posts\/43655","targetHints":{"allow":["GET"]}}],"collection":[{"href":"https:\/\/zonaroja.com.mx\/index.php?rest_route=\/wp\/v2\/posts"}],"about":[{"href":"https:\/\/zonaroja.com.mx\/index.php?rest_route=\/wp\/v2\/types\/post"}],"author":[{"embeddable":true,"href":"https:\/\/zonaroja.com.mx\/index.php?rest_route=\/wp\/v2\/users\/2"}],"replies":[{"embeddable":true,"href":"https:\/\/zonaroja.com.mx\/index.php?rest_route=%2Fwp%2Fv2%2Fcomments&post=43655"}],"version-history":[{"count":2,"href":"https:\/\/zonaroja.com.mx\/index.php?rest_route=\/wp\/v2\/posts\/43655\/revisions"}],"predecessor-version":[{"id":43662,"href":"https:\/\/zonaroja.com.mx\/index.php?rest_route=\/wp\/v2\/posts\/43655\/revisions\/43662"}],"wp:featuredmedia":[{"embeddable":true,"href":"https:\/\/zonaroja.com.mx\/index.php?rest_route=\/wp\/v2\/media\/43654"}],"wp:attachment":[{"href":"https:\/\/zonaroja.com.mx\/index.php?rest_route=%2Fwp%2Fv2%2Fmedia&parent=43655"}],"wp:term":[{"taxonomy":"category","embeddable":true,"href":"https:\/\/zonaroja.com.mx\/index.php?rest_route=%2Fwp%2Fv2%2Fcategories&post=43655"},{"taxonomy":"post_tag","embeddable":true,"href":"https:\/\/zonaroja.com.mx\/index.php?rest_route=%2Fwp%2Fv2%2Ftags&post=43655"}],"curies":[{"name":"wp","href":"https:\/\/api.w.org\/{rel}","templated":true}]}}