{"id":4366,"date":"2019-09-28T15:05:18","date_gmt":"2019-09-28T20:05:18","guid":{"rendered":"https:\/\/www.zonaroja.com.mx\/?p=4366"},"modified":"2019-09-28T15:05:20","modified_gmt":"2019-09-28T20:05:20","slug":"no-es-necesaria-la-modificacion-de-la-constitucion-de-oaxaca-en-tema-de-aborto-gire","status":"publish","type":"post","link":"https:\/\/zonaroja.com.mx\/?p=4366","title":{"rendered":"No es necesaria la modificaci\u00f3n de la Constituci\u00f3n de Oaxaca en tema de aborto: GIRE"},"content":{"rendered":"\n<p>Evlin Arag\u00f3n\/Zona Roja.<\/p>\n\n\n\n<p>Oaxaca de Ju\u00e1rez, Oax.. 28 de septiembre de 2019.- El Grupo de Informaci\u00f3n en Reproducci\u00f3n Elegida (GIRE), calific\u00f3 de triunfo contundente la despenalizaci\u00f3n del aborto en Oaxaca y asegur\u00f3 que no es necesaria la modificaci\u00f3n del art\u00edculo 12 de la Constituci\u00f3n local, como lo han expresado algunos sectores que se oponen a lo votado al interior del Congreso oaxaque\u00f1o, incluyendo los religiosos.<\/p>\n\n\n\n<p>La organizaci\u00f3n, con 28 a\u00f1os de experiencia en difundir informaci\u00f3n objetiva, cient\u00edfica y laica sobre el aborto en M\u00e9xico, para posicionarlo como un tema de inter\u00e9s p\u00fablico, de salud p\u00fablica y de justicia social, detall\u00f3 que la reciente reforma al C\u00f3digo Penal en Oaxaca es v\u00e1lida a\u00fan cuando no se adecue la Constituci\u00f3n local.<\/p>\n\n\n\n<p>Explic\u00f3 que la Suprema Corte de Justicia de la Naci\u00f3n (SCJN), ha dicho que proteger la vida no implica que se tiene que criminalizar el aborto y que la negaci\u00f3n al acceso a una interrupci\u00f3n legal del embarazo viola el derecho a la salud de las mujeres.&nbsp;<\/p>\n\n\n\n<p>Fue en el 2008 cuando la SCJN reconoci\u00f3 como constitucional la interrupci\u00f3n legal del embarazo antes de las 12 semanas en el entonces Distrito Federal, mientras que el pasado 9 de agosto, la m\u00e1xima instancia en materia de justicia en M\u00e9xico se pronunci\u00f3 a favor del derecho de las v\u00edctimas de violaci\u00f3n a tener acceso a la interrupci\u00f3n legal del embarazo, declarando constitucional la Norma Mexicana 046.<\/p>\n\n\n\n<p>Durante la sesi\u00f3n, el ministro presidente de la Corte, Arturo Zald\u00edvar enfatiz\u00f3 en que el M\u00e1ximo Tribunal debe defender el derecho de la mujer a decidir, sobre todo ante las autoridades que utilizan cualquier herramienta legal para intentar impedir el acceso a este derecho, principalmente, a las ni\u00f1as del pa\u00eds.<\/p>\n\n\n\n<p>En este sentido GIRE tambi\u00e9n record\u00f3 que la Corte Interamericana de Derechos Humanos (CIDH), en 2012 resolvi\u00f3 la interpretaci\u00f3n del derecho a la vida prenatal como \u201cla concepci\u00f3n se refiere a la implantaci\u00f3n del \u00f3vulo en las paredes del \u00fatero, el feto no se puede considerar persona y la protecci\u00f3n de la vida debe ser gradual e incremental\u201d.<\/p>\n\n\n\n<p>La misma Corte hizo referencia que s\u00f3lo a trav\u00e9s del ejercicio de los derechos reproductivos de las mujeres puede protegerse la vida prenatal y es compatible con las causales legales del aborto.<\/p>\n\n\n\n<p>\u201cLa protecci\u00f3n de la vida prenatal no deber ser interpretada como una prohibici\u00f3n sino como una obligaci\u00f3n del Estado para proveer servicios de salud materna libres de discriminaci\u00f3n para garantizar el derecho a la salud y bienestar de las mujeres durante el embarazo y parto\u201d, dijo la organizaci\u00f3n en un documento recientemente emitido a nivel nacional.<\/p>\n\n\n\n<p>Por lo anterior reiter\u00f3 que no se tiene que modificar la Constituci\u00f3n local, toda vez que el aborto en Oaxaca ya es legal, sin embarg\u00f3 asegur\u00f3 que es importante que la decisi\u00f3n del Congreso se publique en el Diario Oficial del Estado y se garantice el acceso efectivo de todas las mujeres a su derecho de interrumpir el embarazo antes de las 12 semanas de gestaci\u00f3n.<br class=\"Apple-interchange-newline\" \/><\/p>\n\n\n\n<p><\/p>\n","protected":false},"excerpt":{"rendered":"<p>Evlin Arag\u00f3n\/Zona Roja. Oaxaca de Ju\u00e1rez, Oax.. 28 de septiembre de 2019.- El Grupo de&hellip;<\/p>\n","protected":false},"author":2,"featured_media":4282,"comment_status":"closed","ping_status":"open","sticky":false,"template":"","format":"standard","meta":{"_lmt_disableupdate":"","_lmt_disable":"","_jetpack_memberships_contains_paid_content":false,"footnotes":""},"categories":[1],"tags":[],"class_list":["post-4366","post","type-post","status-publish","format-standard","has-post-thumbnail","hentry","category-sin-categoria"],"jetpack_featured_media_url":"https:\/\/zonaroja.com.mx\/wp-content\/uploads\/2019\/09\/eZy-Watermark_25-09-2019_10-16-22p.-m..jpg","jetpack_sharing_enabled":true,"_links":{"self":[{"href":"https:\/\/zonaroja.com.mx\/index.php?rest_route=\/wp\/v2\/posts\/4366","targetHints":{"allow":["GET"]}}],"collection":[{"href":"https:\/\/zonaroja.com.mx\/index.php?rest_route=\/wp\/v2\/posts"}],"about":[{"href":"https:\/\/zonaroja.com.mx\/index.php?rest_route=\/wp\/v2\/types\/post"}],"author":[{"embeddable":true,"href":"https:\/\/zonaroja.com.mx\/index.php?rest_route=\/wp\/v2\/users\/2"}],"replies":[{"embeddable":true,"href":"https:\/\/zonaroja.com.mx\/index.php?rest_route=%2Fwp%2Fv2%2Fcomments&post=4366"}],"version-history":[{"count":1,"href":"https:\/\/zonaroja.com.mx\/index.php?rest_route=\/wp\/v2\/posts\/4366\/revisions"}],"predecessor-version":[{"id":4367,"href":"https:\/\/zonaroja.com.mx\/index.php?rest_route=\/wp\/v2\/posts\/4366\/revisions\/4367"}],"wp:featuredmedia":[{"embeddable":true,"href":"https:\/\/zonaroja.com.mx\/index.php?rest_route=\/wp\/v2\/media\/4282"}],"wp:attachment":[{"href":"https:\/\/zonaroja.com.mx\/index.php?rest_route=%2Fwp%2Fv2%2Fmedia&parent=4366"}],"wp:term":[{"taxonomy":"category","embeddable":true,"href":"https:\/\/zonaroja.com.mx\/index.php?rest_route=%2Fwp%2Fv2%2Fcategories&post=4366"},{"taxonomy":"post_tag","embeddable":true,"href":"https:\/\/zonaroja.com.mx\/index.php?rest_route=%2Fwp%2Fv2%2Ftags&post=4366"}],"curies":[{"name":"wp","href":"https:\/\/api.w.org\/{rel}","templated":true}]}}