{"id":43663,"date":"2022-07-18T19:12:14","date_gmt":"2022-07-19T00:12:14","guid":{"rendered":"http:\/\/www.zonaroja.com.mx\/?p=43663"},"modified":"2022-07-18T19:12:15","modified_gmt":"2022-07-19T00:12:15","slug":"confirma-fiscalia-aprehension-de-autoridad-municipal-en-el-istmo","status":"publish","type":"post","link":"https:\/\/zonaroja.com.mx\/?p=43663","title":{"rendered":"Confirma Fiscal\u00eda aprehensi\u00f3n de autoridad municipal en el Istmo"},"content":{"rendered":"\n<p>Redacci\u00f3n\/Zona Roja.<\/p>\n\n\n\n<p>Oaxaca de Ju\u00e1rez, Oax., a 18 de julio de 2022.- La Fiscal\u00eda General del Estado de Oaxaca (FGEO) confirm\u00f3 que ejecut\u00f3 una orden de aprehensi\u00f3n contra la persona del sexo masculino identificada como Eusebio O. E.<\/p>\n\n\n\n<p>Se trata del agente municipal de Salinas del Marqu\u00e9s, perteneciente al municipio de Salina Cruz, quien est\u00e1 acusado como probable responsable del delito de oposici\u00f3n a que se ejecute una obra o trabajo p\u00fablico en dicha localidad.<\/p>\n\n\n\n<p>En un comunicado, la instituci\u00f3n detall\u00f3 que el operativo para la captura se realiz\u00f3 el pasado domingo 17 de julio, y fue encabezado por personal de la Fiscal\u00eda, como elementos del grupo de Fuerza de Reacci\u00f3n Inmediata (FERI)&nbsp; -perteneciente a la Agencia Estatal de Investigaciones (AEI)-, que contaron con la estrecha colaboraci\u00f3n de la Coordinaci\u00f3n Nacional Antisecuestro (Conase), la Secretar\u00eda de Seguridad y Protecci\u00f3n Ciudadana, as\u00ed como elementos Secretar\u00eda de Marina (Semar).<\/p>\n\n\n\n<p>Detall\u00f3 que el despliegue se llev\u00f3 a cabo en el puerto de Salina Cruz. Luego de su detenci\u00f3n, el imputado fue trasladado a la capital para ser presentado ante las autoridades correspondientes para determinar su situaci\u00f3n jur\u00eddica.<\/p>\n\n\n\n<p>\u201cEs compromiso de la Fiscal\u00eda de Oaxaca, as\u00ed como del trabajo que se realiza en colaboraci\u00f3n con corporaciones federales y estatales, garantizar la seguridad y la paz social en esta regi\u00f3n del estado donde se ejecutan proyectos de infraestructura prioritarios para la entidad. Por lo que no se permitir\u00e1n conductas il\u00edcitas que afecten el tejido social\u201d, expuso en su comunicado.<\/p>\n","protected":false},"excerpt":{"rendered":"<p>Redacci\u00f3n\/Zona Roja. Oaxaca de Ju\u00e1rez, Oax., a 18 de julio de 2022.- La Fiscal\u00eda General&hellip;<\/p>\n","protected":false},"author":2,"featured_media":43664,"comment_status":"closed","ping_status":"open","sticky":false,"template":"","format":"standard","meta":{"_lmt_disableupdate":"","_lmt_disable":"","_jetpack_memberships_contains_paid_content":false,"footnotes":""},"categories":[109,46],"tags":[494],"class_list":["post-43663","post","type-post","status-publish","format-standard","has-post-thumbnail","hentry","category-minuto-a-minuto","category-zona-blanca","tag-fiscalia-general-del-estado-de-oaxaca"],"jetpack_featured_media_url":"https:\/\/zonaroja.com.mx\/wp-content\/uploads\/2022\/07\/Detenida-autoridad-del-Istmo-por-Fiscalia.jpg","jetpack_sharing_enabled":true,"_links":{"self":[{"href":"https:\/\/zonaroja.com.mx\/index.php?rest_route=\/wp\/v2\/posts\/43663","targetHints":{"allow":["GET"]}}],"collection":[{"href":"https:\/\/zonaroja.com.mx\/index.php?rest_route=\/wp\/v2\/posts"}],"about":[{"href":"https:\/\/zonaroja.com.mx\/index.php?rest_route=\/wp\/v2\/types\/post"}],"author":[{"embeddable":true,"href":"https:\/\/zonaroja.com.mx\/index.php?rest_route=\/wp\/v2\/users\/2"}],"replies":[{"embeddable":true,"href":"https:\/\/zonaroja.com.mx\/index.php?rest_route=%2Fwp%2Fv2%2Fcomments&post=43663"}],"version-history":[{"count":1,"href":"https:\/\/zonaroja.com.mx\/index.php?rest_route=\/wp\/v2\/posts\/43663\/revisions"}],"predecessor-version":[{"id":43665,"href":"https:\/\/zonaroja.com.mx\/index.php?rest_route=\/wp\/v2\/posts\/43663\/revisions\/43665"}],"wp:featuredmedia":[{"embeddable":true,"href":"https:\/\/zonaroja.com.mx\/index.php?rest_route=\/wp\/v2\/media\/43664"}],"wp:attachment":[{"href":"https:\/\/zonaroja.com.mx\/index.php?rest_route=%2Fwp%2Fv2%2Fmedia&parent=43663"}],"wp:term":[{"taxonomy":"category","embeddable":true,"href":"https:\/\/zonaroja.com.mx\/index.php?rest_route=%2Fwp%2Fv2%2Fcategories&post=43663"},{"taxonomy":"post_tag","embeddable":true,"href":"https:\/\/zonaroja.com.mx\/index.php?rest_route=%2Fwp%2Fv2%2Ftags&post=43663"}],"curies":[{"name":"wp","href":"https:\/\/api.w.org\/{rel}","templated":true}]}}