{"id":43666,"date":"2022-07-18T19:52:32","date_gmt":"2022-07-19T00:52:32","guid":{"rendered":"http:\/\/www.zonaroja.com.mx\/?p=43666"},"modified":"2022-07-18T19:52:33","modified_gmt":"2022-07-19T00:52:33","slug":"guelaguetza-de-la-basura-en-oaxaca-autoridades-incapaces-para-resolver-conflicto","status":"publish","type":"post","link":"https:\/\/zonaroja.com.mx\/?p=43666","title":{"rendered":"Guelaguetza de la basura en Oaxaca; autoridades incapaces para resolver conflicto"},"content":{"rendered":"\n<p>Yuridiana Sosa\/Zona Roja.<\/p>\n\n\n\n<p>Oaxaca de Ju\u00e1rez, Oax., 18 de julio de 2022.- La magia de la Guelaguetza en Oaxaca se ve amenazada ante toneladas de basura que inundan la capital del estado y municipios conurbados.<\/p>\n\n\n\n<p>Calles de la ciudad, avenidas y puntos importantes de convivencia comercial comienzan a ser tiraderos a cielo abierto\u201d, con f\u00e9tidos olores que se extienden por diversos espacios y junto con ello, focos de infecciones y de plagas.<\/p>\n\n\n\n<p>En tanto, las autoridades de 25 municipios, as\u00ed como el Gobierno del Estado, no han sido capaces de tomar medidas alternas para solucionar el conflicto en el dep\u00f3sito ubicado en la Villa de Zaachila.<\/p>\n\n\n\n<p>El tiradero en jurisdicci\u00f3n de la agencia Renacimiento fue cerrado definitivamente desde el 15 de julio, afectando a unos 25 municipios de la zona metropolitana de los Valles Centrales.<\/p>\n\n\n\n<p>Fue por decisi\u00f3n de poblaciones que rodean el tiradero, propiedad del ayuntamiento de Oaxaca de Ju\u00e1rez, romper el acuerdo pactado entre las autoridades municipales para aplazar su cierre. Los habitantes dieron un no definitivo a continuar ocupando este espacio.<\/p>\n\n\n\n<p>Este lunes, a una semana del primer Lunes del Cerro de la Guelaguetza 2022, la basura en capital se dej\u00f3 de recolectarse, mientras que no hay un plan alterno a corto plaza para solucionar este grave problema.<\/p>\n\n\n\n<p>Son unos 60 camiones que de forma diaria acarreaban cientos de toneladas de basura hacia el dep\u00f3sito en Zaachila, con 42 a\u00f1os de existencia, pero que desde hace al menos cinco hab\u00eda terminado su vida \u00fatil.<\/p>\n\n\n\n<figure class=\"wp-block-embed is-type-rich is-provider-twitter wp-block-embed-twitter\"><div class=\"wp-block-embed__wrapper\">\n<div class=\"twitter-tweet\"><blockquote class=\"twitter-tweet\" data-lang=\"es\"><p lang=\"es\" dir=\"ltr\"><a href=\"https:\/\/twitter.com\/hashtag\/ENVIVO?src=hash&amp;ref_src=twsrc%5Etfw\">#ENVIVO<\/a> <br>Oaxaca de Ju\u00e1rez, Oax., 18 de julio de 2022.- En la rampa ubicada en la Central de Abasto, se acumulan toneladas de desecho y no hay separaci\u00f3n de residuos, como asegur\u00f3 el edil Francisco Mart\u00ednez Neri.<br>\ud83d\udc47<br>Transmisi\u00f3n:<a href=\"https:\/\/t.co\/MSf5Uy1IkS\">https:\/\/t.co\/MSf5Uy1IkS<\/a> <a href=\"https:\/\/t.co\/NpuUu77c6M\">pic.twitter.com\/NpuUu77c6M<\/a><\/p>&mdash; Zona Roja Oaxaca (@ZonaRoja_Oaxaca) <a href=\"https:\/\/twitter.com\/ZonaRoja_Oaxaca\/status\/1549091630405373954?ref_src=twsrc%5Etfw\">18 de julio de 2022<\/a><\/blockquote><\/div>\n<\/div><\/figure>\n\n\n\n<p>INCONSCIENCIA<\/p>\n\n\n\n<p>Los primeros graves y grandes acumulamientos de basura se registraron en la zona de la Central de Abasto.<\/p>\n\n\n\n<p>Bolsas repletas, de diferentes tama\u00f1os, y desechos dispersos son depositados en el camell\u00f3n del tramo principal del Perif\u00e9rico, en inmediaciones del mercado, donde sin conciencia de parte de la ciudadan\u00eda y sin aplicaciones de sanciones por la autoridad, poco a poco se convierte en un tiradero a cielo abierto.<\/p>\n\n\n\n<p>Peor a\u00fan es el \u00e1rea conocida como la rampa, en la Central de Abasto, donde existen monta\u00f1as de basura, sin ning\u00fan tipo de separaci\u00f3n de residuos como asegur\u00f3 el presidente municipal de Oaxaca, Francisco Mart\u00ednez Neri, que se llevaba a cabo para un mejor control de los desechos.<\/p>\n\n\n\n<p>Las monta\u00f1as rebasan la altura de oficinas del Sindicato \u201c3 de Marzo\u201d del ayuntamiento; basura embolsada y suelta; restos de comida, entre frutas, verduras; animales muertos y residuos s\u00f3lidos de todo tipo de materiales se mezclan en un mismo espacio, el cual colinda con m\u00e1s puestos de venta de alimentos.<\/p>\n\n\n\n<p>SIN PLAN INMEDIATO<\/p>\n\n\n\n<p>El presidente municipal de Oaxaca de Ju\u00e1rez, Francisco Mart\u00ednez Neri, calific\u00f3 la cancelaci\u00f3n del basurero como un grave problema al que autoridades y poblaci\u00f3n se enfrenta.<\/p>\n\n\n\n<figure class=\"wp-block-embed is-type-rich is-provider-twitter wp-block-embed-twitter\"><div class=\"wp-block-embed__wrapper\">\n<div class=\"twitter-tweet\"><blockquote class=\"twitter-tweet\" data-lang=\"es\"><p lang=\"es\" dir=\"ltr\"><a href=\"https:\/\/twitter.com\/hashtag\/ENVIVO?src=hash&amp;ref_src=twsrc%5Etfw\">#ENVIVO<\/a> <br>Oaxaca de Ju\u00e1rez, Oax., 18 de julio de 2022.- Carril central del Perif\u00e9rico de la capital oaxaque\u00f1a inundado de montones de basura, tras el cierre del tiradero ubicado en Zachila\ufffc.<br>Aqu\u00ed la transmisi\u00f3n:<br>\ud83d\udc47<a href=\"https:\/\/t.co\/MD4R1QsSoo\">https:\/\/t.co\/MD4R1QsSoo<\/a> <a href=\"https:\/\/t.co\/bXzJdlLiEr\">pic.twitter.com\/bXzJdlLiEr<\/a><\/p>&mdash; Zona Roja Oaxaca (@ZonaRoja_Oaxaca) <a href=\"https:\/\/twitter.com\/ZonaRoja_Oaxaca\/status\/1549089474524729351?ref_src=twsrc%5Etfw\">18 de julio de 2022<\/a><\/blockquote><\/div>\n<\/div><\/figure>\n\n\n\n<p>Durante entrevista colectiva la ma\u00f1ana de este lunes, indic\u00f3 que desconoce los motivos por el que autoridades auxiliares de Villa de Zaachila rompieron el acuerdo tomado el pasado 15 de julio, entre ambas autoridades y otros municipios afectados, para aplazar la clausura al 14 de agosto, esto luego que se hab\u00eda iniciado la fase del precierre el pasado 13 de julio.<\/p>\n\n\n\n<p>El precierre se llev\u00f3 a cabo con el permiso de los habitantes de Zaachila y la autoridad a cargo de Rigoberto Chac\u00f3n para que \u00fanicamente cinco municipios depositaran su basura: &nbsp;Oaxaca de Ju\u00e1rez, Villa de Zaachila y San Mart\u00edn Tilcajete, Santa Mar\u00eda y San Bartolo Coyotepec, estos tres \u00faltimos por ser los \u00fanicos en pagar al ayuntamiento de la capital el derecho de uso.<\/p>\n\n\n\n<p>Mart\u00ednez Neri indic\u00f3 que el ayuntamiento aplicar\u00e1 medidas alternas, sin precisar cu\u00e1les, ni a d\u00f3nde se destinar\u00e1n los residuos de la capital, por lo que en pr\u00f3ximas horas se reunir\u00e1 con su cabildo, as\u00ed como pedir\u00e1 apoyo de organizaciones, asociaciones e iniciativa privada para encontrar soluci\u00f3n.<\/p>\n\n\n\n<p>En tanto, apost\u00f3 a la comprensi\u00f3n de comerciantes y ciudadanos para resguardar sus propios desechos y crear menos basura.<\/p>\n\n\n\n<p>As\u00ed como por tareas de compactaci\u00f3n de basura para crear pacas de una tonelada, de un metro c\u00fabico para ser vendidas a la empresa Cruz Azul para su destino.<\/p>\n\n\n\n<p>Hoy, ning\u00fan municipio tiene acceso a este espacio; son 25 municipios los que enfrentan un problema real con la basura.<\/p>\n\n\n\n<figure class=\"wp-block-embed is-type-rich is-provider-twitter wp-block-embed-twitter\"><div class=\"wp-block-embed__wrapper\">\n<div class=\"twitter-tweet\"><blockquote class=\"twitter-tweet\" data-lang=\"es\"><p lang=\"es\" dir=\"ltr\"><a href=\"https:\/\/twitter.com\/hashtag\/%C3%9AltimoMinuto?src=hash&amp;ref_src=twsrc%5Etfw\">#\u00daltimoMinuto<\/a> <br>La calle Prolongaci\u00f3n de Nu\u00f1o del Mercado de la ciudad de <a href=\"https:\/\/twitter.com\/hashtag\/Oaxaca?src=hash&amp;ref_src=twsrc%5Etfw\">#Oaxaca<\/a>, cerca de la Central de Abasto, tambi\u00e9n inundada de basura este lunes; hasta un perro muerto hay, adem\u00e1s de aguas negras. <br>Incapaz el <a href=\"https:\/\/twitter.com\/MunicipioOaxaca?ref_src=twsrc%5Etfw\">@MunicipioOaxaca<\/a> de enfrentar problem\u00e1tica. <a href=\"https:\/\/t.co\/CYNi4ViSjD\">pic.twitter.com\/CYNi4ViSjD<\/a><\/p>&mdash; Zona Roja Oaxaca (@ZonaRoja_Oaxaca) <a href=\"https:\/\/twitter.com\/ZonaRoja_Oaxaca\/status\/1549166121890320386?ref_src=twsrc%5Etfw\">18 de julio de 2022<\/a><\/blockquote><\/div>\n<\/div><\/figure>\n","protected":false},"excerpt":{"rendered":"<p>Yuridiana Sosa\/Zona Roja. Oaxaca de Ju\u00e1rez, Oax., 18 de julio de 2022.- La magia de&hellip;<\/p>\n","protected":false},"author":2,"featured_media":43667,"comment_status":"closed","ping_status":"open","sticky":false,"template":"","format":"standard","meta":{"_lmt_disableupdate":"","_lmt_disable":"","_jetpack_memberships_contains_paid_content":false,"footnotes":""},"categories":[109,47],"tags":[148],"class_list":["post-43666","post","type-post","status-publish","format-standard","has-post-thumbnail","hentry","category-minuto-a-minuto","category-zona-gris","tag-oaxaca-de-juarez"],"jetpack_featured_media_url":"https:\/\/zonaroja.com.mx\/wp-content\/uploads\/2022\/07\/Tiradero-de-basura-Central-de-Abasto-Oaxaca.jpg","jetpack_sharing_enabled":true,"_links":{"self":[{"href":"https:\/\/zonaroja.com.mx\/index.php?rest_route=\/wp\/v2\/posts\/43666","targetHints":{"allow":["GET"]}}],"collection":[{"href":"https:\/\/zonaroja.com.mx\/index.php?rest_route=\/wp\/v2\/posts"}],"about":[{"href":"https:\/\/zonaroja.com.mx\/index.php?rest_route=\/wp\/v2\/types\/post"}],"author":[{"embeddable":true,"href":"https:\/\/zonaroja.com.mx\/index.php?rest_route=\/wp\/v2\/users\/2"}],"replies":[{"embeddable":true,"href":"https:\/\/zonaroja.com.mx\/index.php?rest_route=%2Fwp%2Fv2%2Fcomments&post=43666"}],"version-history":[{"count":1,"href":"https:\/\/zonaroja.com.mx\/index.php?rest_route=\/wp\/v2\/posts\/43666\/revisions"}],"predecessor-version":[{"id":43668,"href":"https:\/\/zonaroja.com.mx\/index.php?rest_route=\/wp\/v2\/posts\/43666\/revisions\/43668"}],"wp:featuredmedia":[{"embeddable":true,"href":"https:\/\/zonaroja.com.mx\/index.php?rest_route=\/wp\/v2\/media\/43667"}],"wp:attachment":[{"href":"https:\/\/zonaroja.com.mx\/index.php?rest_route=%2Fwp%2Fv2%2Fmedia&parent=43666"}],"wp:term":[{"taxonomy":"category","embeddable":true,"href":"https:\/\/zonaroja.com.mx\/index.php?rest_route=%2Fwp%2Fv2%2Fcategories&post=43666"},{"taxonomy":"post_tag","embeddable":true,"href":"https:\/\/zonaroja.com.mx\/index.php?rest_route=%2Fwp%2Fv2%2Ftags&post=43666"}],"curies":[{"name":"wp","href":"https:\/\/api.w.org\/{rel}","templated":true}]}}