{"id":43669,"date":"2022-07-18T21:20:45","date_gmt":"2022-07-19T02:20:45","guid":{"rendered":"http:\/\/www.zonaroja.com.mx\/?p=43669"},"modified":"2022-07-18T21:20:48","modified_gmt":"2022-07-19T02:20:48","slug":"a-una-semana-de-la-guelaguetza-arrecian-protestas-segego-ausente","status":"publish","type":"post","link":"https:\/\/zonaroja.com.mx\/?p=43669","title":{"rendered":"A una semana de la Guelaguetza, arrecian protestas; Segego, ausente"},"content":{"rendered":"\n<p>Redacci\u00f3n\/Zona Roja.<\/p>\n\n\n\n<p>Oaxaca de Ju\u00e1rez, Oax., a 18 de julio de 2022.- Las fiestas de la Guelaguetza en Oaxaca tienen como antesala una serie de manifestaciones en la entidad, principalmente en Valles Centrales e Istmo, donde adem\u00e1s enfrentan una crisis con la basura.<\/p>\n\n\n\n<p>La regi\u00f3n istme\u00f1a presentaron este lunes dos bloqueos importantes que impidieron durante todo el d\u00eda la comunicaci\u00f3n con el estado vecino de Chiapas.<\/p>\n\n\n\n<p>Padres de familia de la escuela secundaria \u201cLeyes de Reforma\u201d bloquearon la carretera federal 190, para exigir al IEEPO y a la Secci\u00f3n 22 del SNTE, la firma de documentos de fin de curso, pues desde hace nueve meses han solicitado las del ciclo pasado.<\/p>\n\n\n\n<p>El tramo afectado se present\u00f3 entre Niltepec y Zanatepec, en la poblaci\u00f3n de El Huamul.&nbsp;<\/p>\n\n\n\n<p>As\u00ed como uno m\u00e1s en el tramo Zanatepec-Tapanatepec en el puente Novillero, por lo que se afecta el paso al estado de Chiapas. Al caer la noche se retiraron los manifestantes.<\/p>\n\n\n\n<p>VALLES CENTRALES<\/p>\n\n\n\n<p>Las inconformidades contra diferentes autoridades en Oaxaca contin\u00faan como motivo de movilizaciones en la capital del estado y en la zona conurbada.<\/p>\n\n\n\n<p>En Santa Mar\u00eda El Tule, ejidatarios de este municipio bloquearon el acceso a la Terminal de Almacenamiento y Despacho de Pemex para exigir a la empresa el cumplimiento de los compromisos establecidos hace cuatro d\u00e9cadas con la comunidad, quien cedi\u00f3 20 hect\u00e1reas para su ubicaci\u00f3n.<\/p>\n\n\n\n<figure class=\"wp-block-embed is-type-rich is-provider-twitter wp-block-embed-twitter\"><div class=\"wp-block-embed__wrapper\">\n<div class=\"twitter-tweet\"><blockquote class=\"twitter-tweet\" data-lang=\"es\"><p lang=\"es\" dir=\"ltr\"><a href=\"https:\/\/twitter.com\/hashtag\/%C3%9AltimoMinuto?src=hash&amp;ref_src=twsrc%5Etfw\">#\u00daltimoMinuto<\/a> <br>En\u00e9sima protesta del d\u00eda en <a href=\"https:\/\/twitter.com\/hashtag\/Oaxaca?src=hash&amp;ref_src=twsrc%5Etfw\">#Oaxaca<\/a> y la <a href=\"https:\/\/twitter.com\/SEGEGO_GobOax?ref_src=twsrc%5Etfw\">@SEGEGO_GobOax<\/a> ni sus luces. <br>Ejidatarios de Santa Mar\u00eda El Tule cierran la planta de <a href=\"https:\/\/twitter.com\/Pemex?ref_src=twsrc%5Etfw\">@Pemex<\/a>, para exigir que cumpla con diversos apoyos que prometi\u00f3. <a href=\"https:\/\/t.co\/8oLCgSvX0I\">pic.twitter.com\/8oLCgSvX0I<\/a><\/p>&mdash; Zona Roja Oaxaca (@ZonaRoja_Oaxaca) <a href=\"https:\/\/twitter.com\/ZonaRoja_Oaxaca\/status\/1549070187764252673?ref_src=twsrc%5Etfw\">18 de julio de 2022<\/a><\/blockquote><\/div>\n<\/div><\/figure>\n\n\n\n<p>El presidente del Comisariado Ejidal de El Tule, David Mat\u00edas L\u00f3pez, se\u00f1al\u00f3 que Pemex prometi\u00f3 la renovaci\u00f3n de maquinaria y veh\u00edculos pesados al t\u00e9rmino de su vida \u00fatil, sin embargo, no ha sido cumplida desde ese entonces.<\/p>\n\n\n\n<p>Cansados de esperar ante las m\u00faltiples peticiones, los pobladores decidieron \u201ctomar\u201d la planta y de no haber respuestas favorables, advirtieron de un bloqueo en la carretera federal 190.<\/p>\n\n\n\n<p>En tanto, en la capital del estado, una serie de protestas continuaron este inicio de semana.<\/p>\n\n\n\n<p>Trabajadores de los Servicios de Salud de Oaxaca, adheridos a la Secci\u00f3n 73 del Sindicato Nacional de Trabajadores de Salud (SNTSA) retomaron sus acciones de protesta ante la cerraz\u00f3n de la titular de la dependencia, Virginia S\u00e1nchez R\u00edos, para cumplir con las demandas laborales.<\/p>\n\n\n\n<p>Los integrantes del \u00e1rea de vectores reclaman condiciones laborales, desde mantenimiento de veh\u00edculos, insumos, equipo para trabajar, hasta material de oficina, pues no pueden realizar su trabajo.<\/p>\n\n\n\n<p>Por eso, mantuvieron un bloqueo en la calle de J.P. Garc\u00eda, frente a las oficinas de los Servicios de Salud de Oaxaca.<\/p>\n\n\n\n<figure class=\"wp-block-embed is-type-rich is-provider-twitter wp-block-embed-twitter\"><div class=\"wp-block-embed__wrapper\">\n<div class=\"twitter-tweet\"><blockquote class=\"twitter-tweet\" data-lang=\"es\"><p lang=\"es\" dir=\"ltr\"><a href=\"https:\/\/twitter.com\/hashtag\/ENVIVO?src=hash&amp;ref_src=twsrc%5Etfw\">#ENVIVO<\/a> <br>Oaxaca de Ju\u00e1rez, Oax., 18 de julio de 2022.- Estudiantes proveniente de comunidades ind\u00edgenas denuncian de nuevo rechazos para ingresar a la <a href=\"https:\/\/twitter.com\/UABJO?ref_src=twsrc%5Etfw\">@UABJO<\/a>, por excesivas cuotas. Rector <a href=\"https:\/\/twitter.com\/RectorCristian?ref_src=twsrc%5Etfw\">@RectorCristian<\/a> ni los ve ni los oye. <br>Transmisi\u00f3n: <br>\ud83d\udc47<a href=\"https:\/\/t.co\/c76G4YjuJM\">https:\/\/t.co\/c76G4YjuJM<\/a> <a href=\"https:\/\/t.co\/PfivzFLN7C\">pic.twitter.com\/PfivzFLN7C<\/a><\/p>&mdash; Zona Roja Oaxaca (@ZonaRoja_Oaxaca) <a href=\"https:\/\/twitter.com\/ZonaRoja_Oaxaca\/status\/1549068766587355139?ref_src=twsrc%5Etfw\">18 de julio de 2022<\/a><\/blockquote><\/div>\n<\/div><\/figure>\n\n\n\n<p>UNIVERSITARIOS<\/p>\n\n\n\n<p>En tanto, estudiantes rechazados por la Universidad Aut\u00f3noma \u201cBenito Ju\u00e1rez\u201d de Oaxaca (UABJO) se manifestaron en Ciudad Universitaria para denunciar el rechazo de varios alumnos que pasaron el examen de admisi\u00f3n y a su vez la venta de espacios en diferentes facultades.<\/p>\n\n\n\n<p>Organizados en la Uni\u00f3n de la Juventud Revolucionaria de M\u00e9xico, los aspirantes convocaron a m\u00e1s j\u00f3venes v\u00edctimas de esta situaci\u00f3n a integrarse al movimiento para ganar espacios, los cuales buscan que sean de manera gratuita.<\/p>\n\n\n\n<p>Pues se\u00f1alaron, como es costumbre, excesivos costos de inscripci\u00f3n que van de los 15 mil pesos para facultades como Enfermer\u00eda y Obstetricia a 150 mil pesos para el caso de Medicina, las cuales son de mayor demanda.<\/p>\n\n\n\n<p>As\u00ed tambi\u00e9n en el z\u00f3calo de la ciudad de Oaxaca protestaron vecinos de Santa Cruz Xoxocotl\u00e1n y ambientalistas de la Colectivo de Organizaciones Ambientales de Oaxaca (COAO) para denunciar la instalaci\u00f3n de una asfaltadora en ese municipio y la cual no cuenta con los permisos debidos.<\/p>\n\n\n\n<p>Los quejosos apuntaron que presentar\u00e1n las denuncias correspondientes ante la secretar\u00eda de Medio \u00a0Ambiente y Recursos Naturales, Procuradur\u00eda Federal de Protecci\u00f3n al Ambiente y a la Secretar\u00eda del Medio Ambiente, Energ\u00edas y Desarrollo Sustentable de Oaxaca para que indagen en el caso.<\/p>\n\n\n\n<figure class=\"wp-block-embed is-type-rich is-provider-twitter wp-block-embed-twitter\"><div class=\"wp-block-embed__wrapper\">\n<div class=\"twitter-tweet\"><blockquote class=\"twitter-tweet\" data-lang=\"es\"><p lang=\"es\" dir=\"ltr\"><a href=\"https:\/\/twitter.com\/hashtag\/%C3%9AltimoMinuto?src=hash&amp;ref_src=twsrc%5Etfw\">#\u00daltimoMinuto<\/a> <br>Activistas y ambientalistas denuncian en conferencia de prensa que el <a href=\"https:\/\/twitter.com\/MunicipioOaxaca?ref_src=twsrc%5Etfw\">@MunicipioOaxaca<\/a> que preside <a href=\"https:\/\/twitter.com\/FMartinezNeri?ref_src=twsrc%5Etfw\">@FMartinezNeri<\/a>, pretenden privatizar los parques p\u00fablicos de la capital, ante la incapacidad para brindarles atenci\u00f3n a esos espacios. <a href=\"https:\/\/t.co\/UIrk2plhXw\">pic.twitter.com\/UIrk2plhXw<\/a><\/p>&mdash; Zona Roja Oaxaca (@ZonaRoja_Oaxaca) <a href=\"https:\/\/twitter.com\/ZonaRoja_Oaxaca\/status\/1549050994067009538?ref_src=twsrc%5Etfw\">18 de julio de 2022<\/a><\/blockquote><\/div>\n<\/div><\/figure>\n","protected":false},"excerpt":{"rendered":"<p>Redacci\u00f3n\/Zona Roja. Oaxaca de Ju\u00e1rez, Oax., a 18 de julio de 2022.- Las fiestas de&hellip;<\/p>\n","protected":false},"author":2,"featured_media":43670,"comment_status":"closed","ping_status":"open","sticky":false,"template":"","format":"standard","meta":{"_lmt_disableupdate":"","_lmt_disable":"","_jetpack_memberships_contains_paid_content":false,"footnotes":""},"categories":[109,47],"tags":[2254],"class_list":["post-43669","post","type-post","status-publish","format-standard","has-post-thumbnail","hentry","category-minuto-a-minuto","category-zona-gris","tag-protestas-y-bloqueos-oaxaca"],"jetpack_featured_media_url":"https:\/\/zonaroja.com.mx\/wp-content\/uploads\/2022\/07\/Bloqueo-carretera-El-Tule-Pemex.jpg","jetpack_sharing_enabled":true,"_links":{"self":[{"href":"https:\/\/zonaroja.com.mx\/index.php?rest_route=\/wp\/v2\/posts\/43669","targetHints":{"allow":["GET"]}}],"collection":[{"href":"https:\/\/zonaroja.com.mx\/index.php?rest_route=\/wp\/v2\/posts"}],"about":[{"href":"https:\/\/zonaroja.com.mx\/index.php?rest_route=\/wp\/v2\/types\/post"}],"author":[{"embeddable":true,"href":"https:\/\/zonaroja.com.mx\/index.php?rest_route=\/wp\/v2\/users\/2"}],"replies":[{"embeddable":true,"href":"https:\/\/zonaroja.com.mx\/index.php?rest_route=%2Fwp%2Fv2%2Fcomments&post=43669"}],"version-history":[{"count":1,"href":"https:\/\/zonaroja.com.mx\/index.php?rest_route=\/wp\/v2\/posts\/43669\/revisions"}],"predecessor-version":[{"id":43671,"href":"https:\/\/zonaroja.com.mx\/index.php?rest_route=\/wp\/v2\/posts\/43669\/revisions\/43671"}],"wp:featuredmedia":[{"embeddable":true,"href":"https:\/\/zonaroja.com.mx\/index.php?rest_route=\/wp\/v2\/media\/43670"}],"wp:attachment":[{"href":"https:\/\/zonaroja.com.mx\/index.php?rest_route=%2Fwp%2Fv2%2Fmedia&parent=43669"}],"wp:term":[{"taxonomy":"category","embeddable":true,"href":"https:\/\/zonaroja.com.mx\/index.php?rest_route=%2Fwp%2Fv2%2Fcategories&post=43669"},{"taxonomy":"post_tag","embeddable":true,"href":"https:\/\/zonaroja.com.mx\/index.php?rest_route=%2Fwp%2Fv2%2Ftags&post=43669"}],"curies":[{"name":"wp","href":"https:\/\/api.w.org\/{rel}","templated":true}]}}