{"id":43674,"date":"2022-07-19T10:42:00","date_gmt":"2022-07-19T15:42:00","guid":{"rendered":"http:\/\/www.zonaroja.com.mx\/?p=43674"},"modified":"2022-07-19T06:41:47","modified_gmt":"2022-07-19T11:41:47","slug":"amlo-dana-a-los-pobres-con-sus-programas-sociales-the-new-york-times","status":"publish","type":"post","link":"https:\/\/zonaroja.com.mx\/?p=43674","title":{"rendered":"AMLO da\u00f1a a los pobres con sus programas sociales: \u201cThe New York Times\u201d"},"content":{"rendered":"\n<p>Redacci\u00f3n\/Zona Roja Cdmx.<\/p>\n\n\n\n<p>Ciudad de M\u00e9xico, 19 de julio de 2022.- Andr\u00e9s Manuel L\u00f3pez Obrador (AMLO) lleg\u00f3 a la presidencia de M\u00e9xico bajo el lema \u201cPor el bien de todos, primero los pobres\u201d, por lo que con la instauraci\u00f3n de la autodenominada Cuarta Transformaci\u00f3n (4T) surgieron diversos programas sociales con los que buscan proteger a un sector determinado de la poblaci\u00f3n.<\/p>\n\n\n\n<p>Sin embargo, el medio estadounidense \u201cThe New York Times\u201d, se\u00f1al\u00f3 en su editorial de este lunes que \u201cEl l\u00edder de M\u00e9xico que dice que la pobreza es su prioridad. Pero sus pol\u00edticas da\u00f1an a los pobres\u201d y ha dejado de lado a quienes dijo eran su prioridad.<\/p>\n\n\n\n<p>De acuerdo con el diario estadounidense, M\u00e9xico fue una de las \u00fanicas econom\u00edas importantes que no aument\u00f3 sustancialmente el gasto para mitigar los estragos de la pandemia de Covid-19.&nbsp;<\/p>\n\n\n\n<p>Adem\u00e1s, indic\u00f3 que a finales de 2022, al menos 3.8 millones de personas cayeron en la pobreza en consecuencia de la crisis sanitaria que se vivi\u00f3 alrededor del mundo, pero tambi\u00e9n dicha cifra se dio debido a la falta de apoyo gubernamental.<\/p>\n\n\n\n<p>El peri\u00f3dico enfatiz\u00f3 que la inflaci\u00f3n ha provocado que la recuperaci\u00f3n econ\u00f3mica sea lenta, ya que los precios al consumo aumentaron hasta el 7.99 por ciento en lo que va del a\u00f1o, el nivel m\u00e1s alto en 21 a\u00f1os.<\/p>\n\n\n\n<p>Bajo es tenor, el diario estadounidense evidenci\u00f3 que tras la eliminaci\u00f3n del programa Escuelas de Tiempo Completo muchas madres de familia ha tenido que renunciar a sus trabajos para cuidar a sus hijos.<\/p>\n\n\n\n<p>El programa de Escuelas de Tiempo Completo beneficiaba a 280 mil estudiantes \u00fanicamente en el Estado de M\u00e9xico, seg\u00fan la Secretar\u00eda de Educaci\u00f3n P\u00fablica (SEP).&nbsp;<\/p>\n\n\n\n<p>Su cancelaci\u00f3n deriv\u00f3 que la Junta de Coordinaci\u00f3n Pol\u00edtica (Jucopo) de la C\u00e1mara de Diputados exhort\u00f3 a Delfina G\u00f3mez, titular de la SEP, a comparecer. Sin embargo, la funcionaria ha pospuesto su reuni\u00f3n con los legisladores en m\u00e1s de una ocasi\u00f3n.<\/p>\n\n\n\n<p>Tambi\u00e9n la editorial lament\u00f3 la cancelaci\u00f3n del programa Prospera, el cual llevaba 20 a\u00f1os y que otorgaba dinero en efectivo a las madres en situaci\u00f3n de pobreza externa a cambio de que mantuvieron a sus hijos en la escuela y los llevaran a revisiones m\u00e9dicas peri\u00f3dicas. Este \u00faltimo, seg\u00fan TNYT, fue elogiado por el Banco Mundial por su transparencia.<\/p>\n\n\n\n<p>Aunado a ello, expusieron que en Chiapas el 45 por ciento de las familias se ve\u00edan beneficiadas con Prospera. De acuerdo con la organizaci\u00f3n Mexicanos Contra la Corrupci\u00f3n (MCCI), ni\u00f1as y ni\u00f1os de los 20 municipios m\u00e1s pobres, y que formaban parte de dicho programa, tuvieron que abandonar la escuela durante la pandemia pese a ser acreedores de las Becas para el Bienestar Benito Ju\u00e1rez.<\/p>\n\n\n\n<p>\u201cL\u00f3pez Obrador, quien desconf\u00eda profundamente del gobierno y est\u00e1 molesto por la corrupci\u00f3n que asol\u00f3 a anteriores gestiones, ha argumentado que las transferencias directas de dinero han hecho m\u00e1s por ayudar a los mexicanos que los anteriores programas de asistencia social\u201d, apunt\u00f3 el diario The New York Times.<\/p>\n\n\n\n<p>\u201cEn lugar de poner la responsabilidad en las agencias gubernamentales para asegurarse de que la asistencia social se gasta de manera efectiva, L\u00f3pez Obrador ha trasladado la responsabilidad a millones de mexicanos\u201d, agreg\u00f3.<\/p>\n\n\n\n<p>El diario estadounidense reconoci\u00f3 que, a pesar de todas dificultades que ha enfrentado la administraci\u00f3n de la 4T, L\u00f3pez Obrador sigue siendo uno de los l\u00edderes m\u00e1s populares del mundo, con un \u00edndice de aprobaci\u00f3n de alrededor del 65 por ciento.<\/p>\n\n\n\n<p>(Informaci\u00f3n de Infobae M\u00e9xico)<\/p>\n","protected":false},"excerpt":{"rendered":"<p>Redacci\u00f3n\/Zona Roja Cdmx. Ciudad de M\u00e9xico, 19 de julio de 2022.- Andr\u00e9s Manuel L\u00f3pez Obrador&hellip;<\/p>\n","protected":false},"author":2,"featured_media":18420,"comment_status":"closed","ping_status":"open","sticky":false,"template":"","format":"standard","meta":{"_lmt_disableupdate":"","_lmt_disable":"","_jetpack_memberships_contains_paid_content":false,"footnotes":""},"categories":[109,47],"tags":[143],"class_list":["post-43674","post","type-post","status-publish","format-standard","has-post-thumbnail","hentry","category-minuto-a-minuto","category-zona-gris","tag-andres-manuel-lopez-obrador"],"jetpack_featured_media_url":"https:\/\/zonaroja.com.mx\/wp-content\/uploads\/2020\/10\/Lopez-Obrador-autoritario.jpg","jetpack_sharing_enabled":true,"_links":{"self":[{"href":"https:\/\/zonaroja.com.mx\/index.php?rest_route=\/wp\/v2\/posts\/43674","targetHints":{"allow":["GET"]}}],"collection":[{"href":"https:\/\/zonaroja.com.mx\/index.php?rest_route=\/wp\/v2\/posts"}],"about":[{"href":"https:\/\/zonaroja.com.mx\/index.php?rest_route=\/wp\/v2\/types\/post"}],"author":[{"embeddable":true,"href":"https:\/\/zonaroja.com.mx\/index.php?rest_route=\/wp\/v2\/users\/2"}],"replies":[{"embeddable":true,"href":"https:\/\/zonaroja.com.mx\/index.php?rest_route=%2Fwp%2Fv2%2Fcomments&post=43674"}],"version-history":[{"count":1,"href":"https:\/\/zonaroja.com.mx\/index.php?rest_route=\/wp\/v2\/posts\/43674\/revisions"}],"predecessor-version":[{"id":43675,"href":"https:\/\/zonaroja.com.mx\/index.php?rest_route=\/wp\/v2\/posts\/43674\/revisions\/43675"}],"wp:featuredmedia":[{"embeddable":true,"href":"https:\/\/zonaroja.com.mx\/index.php?rest_route=\/wp\/v2\/media\/18420"}],"wp:attachment":[{"href":"https:\/\/zonaroja.com.mx\/index.php?rest_route=%2Fwp%2Fv2%2Fmedia&parent=43674"}],"wp:term":[{"taxonomy":"category","embeddable":true,"href":"https:\/\/zonaroja.com.mx\/index.php?rest_route=%2Fwp%2Fv2%2Fcategories&post=43674"},{"taxonomy":"post_tag","embeddable":true,"href":"https:\/\/zonaroja.com.mx\/index.php?rest_route=%2Fwp%2Fv2%2Ftags&post=43674"}],"curies":[{"name":"wp","href":"https:\/\/api.w.org\/{rel}","templated":true}]}}