{"id":43676,"date":"2022-07-21T09:40:00","date_gmt":"2022-07-21T14:40:00","guid":{"rendered":"http:\/\/www.zonaroja.com.mx\/?p=43676"},"modified":"2022-07-21T06:33:32","modified_gmt":"2022-07-21T11:33:32","slug":"opinion-un-ano-de-sucesion-presidencial","status":"publish","type":"post","link":"https:\/\/zonaroja.com.mx\/?p=43676","title":{"rendered":"Opini\u00f3n. Un a\u00f1o de sucesi\u00f3n presidencial"},"content":{"rendered":"\n<p>Gibr\u00e1n Ram\u00edrez Reyes*<\/p>\n\n\n\n<p>Si los tiempos son los anunciados por Morena, el intenso juego de la sucesi\u00f3n presidencial en su interior terminar\u00e1 en agosto de 2023.&nbsp;<\/p>\n\n\n\n<p>Si se tratara de un partido de futbol, estar\u00edamos por llegar al medio tiempo y ser\u00eda necesario parar a ver qu\u00e9 ha sucedido para replantear estrategias y escenarios.&nbsp;<\/p>\n\n\n\n<p>El 5 de julio de 2021, el Presidente de la Rep\u00fablica comenz\u00f3 la partida, una de sus prioridades actuales. Su primer movimiento fue nombrar a sus favoritos, entre los que aparec\u00edan, de los actuales contendientes, solamente Claudia Sheinbaum y Marcelo Ebrard, adem\u00e1s de que se exclu\u00eda notoriamente a Ricardo Monreal.&nbsp;<\/p>\n\n\n\n<p>Unos d\u00edas despu\u00e9s \u2014el 12 de julio\u2014 se anunci\u00f3 el reforzamiento pol\u00edtico de la jefa de Gobierno, claramente derrotada en la elecci\u00f3n intermedia, con la incorporaci\u00f3n de Mart\u00ed Batres como secretario de Gobierno.&nbsp;<\/p>\n\n\n\n<p>Finalmente, un mes despu\u00e9s, en agosto, se nombr\u00f3 como secretario de Gobernaci\u00f3n a Ad\u00e1n Augusto L\u00f3pez Hern\u00e1ndez, porque no se pueden poner todos los huevos en una sola canasta, y menos cuando se le han visto las roturas.<\/p>\n\n\n\n<p>Al principio, L\u00f3pez Obrador neg\u00f3 que su paisano fuera presidenciable \u2014lo hizo hasta inicios de abril de este a\u00f1o\u2014, cuando dijo con todas sus letras \u201cno es precandidato a la Presidencia de la Rep\u00fablica\u201d.&nbsp;<\/p>\n\n\n\n<p>D\u00edas despu\u00e9s, el 28 del mismo mes, ante diputados, propici\u00f3 que lo aclamaran como futuro presidente. Al d\u00eda siguiente y ya durante mayo, AMLO encart\u00f3 a Ad\u00e1n plenamente.&nbsp;<\/p>\n\n\n\n<p>En junio, en el desayuno de Toluca, Ad\u00e1n Augusto anunci\u00f3 los ritmos y modos de la sucesi\u00f3n, y al mismo tiempo dej\u00f3 ver su singular condici\u00f3n de juez y parte. Entretanto, los \u00e1nimos sociales se han movido en distintas direcciones.&nbsp;<\/p>\n\n\n\n<p>El destape que AMLO hizo de Ad\u00e1n Augusto, lo hizo crecer de un golpe 10 puntos porcentuales. Seg\u00fan la encuesta de \u201cEl Financiero\u201d, pas\u00f3 de cuatro&nbsp;a 14 puntos en la preferencia.&nbsp;<\/p>\n\n\n\n<p>Simult\u00e1neamente, Marcelo Ebrard creci\u00f3 seis puntos (de 18 a 24), Ricardo Monreal se mantuvo (pas\u00f3 de 10 a 11 puntos) y Claudia Sheinbaum cay\u00f3 cinco puntos (de 26 a 21 puntos).&nbsp;<\/p>\n\n\n\n<p>Esto se corresponde con el rev\u00e9s que ha tenido en la capital. Entre enero y julio de 2022, seg\u00fan el mismo prestigiado encuestador, la disposici\u00f3n a votar por Sheinbaum ha ca\u00eddo siete&nbsp;puntos \u2014pas\u00f3 de 39 por ciento a 32 por ciento\u2014, y la gente que declara que no votar\u00eda por ella suma un mayoritario 58 por ciento.<\/p>\n\n\n\n<p>En la capital, las simpat\u00edas de la jefa de Gobierno caen y se sit\u00faan en casi un tercio, al mismo tiempo que el repudio se dispara \u2014y si hay un lugar de donde no se vuelve en las encuestas es precisamente ese. \u00bfAlguien en su sano juicio seleccionar\u00eda una candidata que tiene, de entrada, el repudio de la capital que gobierna?<\/p>\n\n\n\n<p>Poco a poco, el oficialismo ha acusado de recibido y est\u00e1 mudando de candidato para respaldar a Ad\u00e1n Augusto L\u00f3pez Hern\u00e1ndez. No todos son tan visibles, pero algunos de los operadores m\u00e1s importantes para el oficialismo se han decantado lenta, pero claramente, por el tabasque\u00f1o.&nbsp;<\/p>\n\n\n\n<p>Ya se pronunci\u00f3 Sergio Guti\u00e9rrez Luna, el presidente de la mesa directiva de la C\u00e1mara de Diputados; el ex subsecretario de Gobierno, Ricardo Peralta, afamado por operaciones de plomer\u00eda que le atribuyen; el grupo Tabasco \u2014que ahora incluye al gobernador de Chiapas\u2014, C\u00e9sar Y\u00e1\u00f1ez, quien ya opera desde Segob; Alfredo Ram\u00edrez Bedolla, quien incluso dijo que Ad\u00e1n es un gigante.<\/p>\n\n\n\n<p>Discretamente, seg\u00fan indican las tendencias, Sheinbaum va siendo echada de lado, aunque a\u00fan funcione como un eficaz pararrayos.&nbsp;<\/p>\n\n\n\n<p>*Doctor en ciencia pol\u00edtica por la UNAM.<\/p>\n\n\n\n<p>@gibranrr<\/p>\n","protected":false},"excerpt":{"rendered":"<p>Gibr\u00e1n Ram\u00edrez Reyes* Si los tiempos son los anunciados por Morena, el intenso juego de&hellip;<\/p>\n","protected":false},"author":2,"featured_media":41734,"comment_status":"closed","ping_status":"open","sticky":false,"template":"","format":"standard","meta":{"_lmt_disableupdate":"","_lmt_disable":"","_jetpack_memberships_contains_paid_content":false,"footnotes":""},"categories":[456,109],"tags":[2489],"class_list":["post-43676","post","type-post","status-publish","format-standard","has-post-thumbnail","hentry","category-columna","category-minuto-a-minuto","tag-gibran-ramirez-reyes"],"jetpack_featured_media_url":"https:\/\/zonaroja.com.mx\/wp-content\/uploads\/2022\/05\/Opinion-Gibran-Ramirez-Reyes.jpg","jetpack_sharing_enabled":true,"_links":{"self":[{"href":"https:\/\/zonaroja.com.mx\/index.php?rest_route=\/wp\/v2\/posts\/43676","targetHints":{"allow":["GET"]}}],"collection":[{"href":"https:\/\/zonaroja.com.mx\/index.php?rest_route=\/wp\/v2\/posts"}],"about":[{"href":"https:\/\/zonaroja.com.mx\/index.php?rest_route=\/wp\/v2\/types\/post"}],"author":[{"embeddable":true,"href":"https:\/\/zonaroja.com.mx\/index.php?rest_route=\/wp\/v2\/users\/2"}],"replies":[{"embeddable":true,"href":"https:\/\/zonaroja.com.mx\/index.php?rest_route=%2Fwp%2Fv2%2Fcomments&post=43676"}],"version-history":[{"count":1,"href":"https:\/\/zonaroja.com.mx\/index.php?rest_route=\/wp\/v2\/posts\/43676\/revisions"}],"predecessor-version":[{"id":43677,"href":"https:\/\/zonaroja.com.mx\/index.php?rest_route=\/wp\/v2\/posts\/43676\/revisions\/43677"}],"wp:featuredmedia":[{"embeddable":true,"href":"https:\/\/zonaroja.com.mx\/index.php?rest_route=\/wp\/v2\/media\/41734"}],"wp:attachment":[{"href":"https:\/\/zonaroja.com.mx\/index.php?rest_route=%2Fwp%2Fv2%2Fmedia&parent=43676"}],"wp:term":[{"taxonomy":"category","embeddable":true,"href":"https:\/\/zonaroja.com.mx\/index.php?rest_route=%2Fwp%2Fv2%2Fcategories&post=43676"},{"taxonomy":"post_tag","embeddable":true,"href":"https:\/\/zonaroja.com.mx\/index.php?rest_route=%2Fwp%2Fv2%2Ftags&post=43676"}],"curies":[{"name":"wp","href":"https:\/\/api.w.org\/{rel}","templated":true}]}}