{"id":4368,"date":"2019-09-28T16:23:35","date_gmt":"2019-09-28T21:23:35","guid":{"rendered":"http:\/\/www.zonaroja.com.mx\/?p=4368"},"modified":"2019-09-28T16:23:38","modified_gmt":"2019-09-28T21:23:38","slug":"dos-muertos-y-cinco-lesionados-por-falla-en-montana-rusa-de-chapultepec","status":"publish","type":"post","link":"https:\/\/zonaroja.com.mx\/?p=4368","title":{"rendered":"Dos muertos y cinco lesionados, por falla en \u00abMonta\u00f1a rusa\u00bb de Chapultepec"},"content":{"rendered":"\n<p>Redacci\u00f3n\/Zona\nRoja<\/p>\n\n\n\n<p>Ciudad de\nM\u00e9xico, 28 de septiembre de 2019.- Dos personas fallecidas y cinco lesionadas\nes el saldo preliminar ocurrido tras el desprendimiento de un carro de la \u201cMonta\u00f1a\nrusa\u201d en la Feria de Chapultepec, de la Ciudad de M\u00e9xico.<\/p>\n\n\n\n<p>El percance\nocurri\u00f3 la tarde de este s\u00e1bado en uno de los juegos mec\u00e1nicos, por lo que\nservicios de emergencia acuden al lugar.<\/p>\n\n\n\n<p>De acuerdo\ncon los primeros reportes, a consecuencia de este accidente se reportan dos\npersonas muertas y al menos cinco lesionados, que ya reciben atenci\u00f3n m\u00e9dica en\nhospital \u201c\u00c1ngeles Mocel\u201d.<\/p>\n\n\n\n<p>Reportes en\nredes sociales indican que el percance ocurri\u00f3 cuando uno de los carros de la\nmonta\u00f1a rusa se impact\u00f3 con la estructura met\u00e1lica del mismo juego.<\/p>\n\n\n\n<p>El Centro de\nInformaci\u00f3n Vial de la Secretar\u00eda de Seguridad Ciudadana de la Ciudad de M\u00e9xico\nalert\u00f3 sobre el incidente.<\/p>\n","protected":false},"excerpt":{"rendered":"<p>Redacci\u00f3n\/Zona Roja Ciudad de M\u00e9xico, 28 de septiembre de 2019.- Dos personas fallecidas y cinco&hellip;<\/p>\n","protected":false},"author":2,"featured_media":4369,"comment_status":"closed","ping_status":"open","sticky":false,"template":"","format":"standard","meta":{"_lmt_disableupdate":"","_lmt_disable":"","_jetpack_memberships_contains_paid_content":false,"footnotes":""},"categories":[109,51],"tags":[782],"class_list":["post-4368","post","type-post","status-publish","format-standard","has-post-thumbnail","hentry","category-minuto-a-minuto","category-zona-roja","tag-montana-rusa-chapultepec"],"jetpack_featured_media_url":"https:\/\/zonaroja.com.mx\/wp-content\/uploads\/2019\/09\/197bde45-0038-4031-ac91-c9a99122cd73.jpg","jetpack_sharing_enabled":true,"_links":{"self":[{"href":"https:\/\/zonaroja.com.mx\/index.php?rest_route=\/wp\/v2\/posts\/4368","targetHints":{"allow":["GET"]}}],"collection":[{"href":"https:\/\/zonaroja.com.mx\/index.php?rest_route=\/wp\/v2\/posts"}],"about":[{"href":"https:\/\/zonaroja.com.mx\/index.php?rest_route=\/wp\/v2\/types\/post"}],"author":[{"embeddable":true,"href":"https:\/\/zonaroja.com.mx\/index.php?rest_route=\/wp\/v2\/users\/2"}],"replies":[{"embeddable":true,"href":"https:\/\/zonaroja.com.mx\/index.php?rest_route=%2Fwp%2Fv2%2Fcomments&post=4368"}],"version-history":[{"count":1,"href":"https:\/\/zonaroja.com.mx\/index.php?rest_route=\/wp\/v2\/posts\/4368\/revisions"}],"predecessor-version":[{"id":4370,"href":"https:\/\/zonaroja.com.mx\/index.php?rest_route=\/wp\/v2\/posts\/4368\/revisions\/4370"}],"wp:featuredmedia":[{"embeddable":true,"href":"https:\/\/zonaroja.com.mx\/index.php?rest_route=\/wp\/v2\/media\/4369"}],"wp:attachment":[{"href":"https:\/\/zonaroja.com.mx\/index.php?rest_route=%2Fwp%2Fv2%2Fmedia&parent=4368"}],"wp:term":[{"taxonomy":"category","embeddable":true,"href":"https:\/\/zonaroja.com.mx\/index.php?rest_route=%2Fwp%2Fv2%2Fcategories&post=4368"},{"taxonomy":"post_tag","embeddable":true,"href":"https:\/\/zonaroja.com.mx\/index.php?rest_route=%2Fwp%2Fv2%2Ftags&post=4368"}],"curies":[{"name":"wp","href":"https:\/\/api.w.org\/{rel}","templated":true}]}}