{"id":43682,"date":"2022-07-19T07:27:23","date_gmt":"2022-07-19T12:27:23","guid":{"rendered":"http:\/\/www.zonaroja.com.mx\/?p=43682"},"modified":"2022-07-19T07:27:25","modified_gmt":"2022-07-19T12:27:25","slug":"invita-poder-judicial-a-escuchar-el-podcast-hablemos-justamente","status":"publish","type":"post","link":"https:\/\/zonaroja.com.mx\/?p=43682","title":{"rendered":"Invita Poder Judicial a escuchar el podcast \u201cHablemos Justamente\u201d"},"content":{"rendered":"\n<p>Redacci\u00f3n\/Zona Roja.<\/p>\n\n\n\n<p>Oaxaca de Ju\u00e1rez, Oax., 19 de julio de 2022.- El Poder Judicial del Estado de Oaxaca invita a la sociedad en general a escuchar y seguir las transmisiones del&nbsp;podcast&nbsp;\u201cHablemos Justamente\u201d,&nbsp;que se difunde&nbsp;los d\u00edas martes a las 9:00 horas por Global 96.9 FM&nbsp;y&nbsp;Oaxaque\u00f1a Radio 92.9 FM, el cual tambi\u00e9n&nbsp;se encuentra disponible en las redes sociales de la instituci\u00f3n&nbsp;con enlace a&nbsp;Spotify&nbsp;y&nbsp;Souncloud.<\/p>\n\n\n\n<p>En su primera emisi\u00f3n, asisti\u00f3&nbsp;como invitado especial el magistrado&nbsp;presidente&nbsp;Eduardo Pinacho S\u00e1nchez y este 19 de julio contar\u00e1 con la participaci\u00f3n del magistrado Gerardo Adelfo Carmona Castillo, integrante de la Segunda Sala Penal del Tribunal Superior de Justicia del Estado.&nbsp;<\/p>\n\n\n\n<p>Conducido por&nbsp;Yared&nbsp;Z\u00e1rate,&nbsp;\u201cHablemos Justamente\u201d,&nbsp;se realiza en coproducci\u00f3n con la Corporaci\u00f3n Oaxaque\u00f1a&nbsp;de Radio y Televisi\u00f3n (Cortv),&nbsp;como un nuevo&nbsp;medio&nbsp;de difusi\u00f3n&nbsp;que tambi\u00e9n abordar\u00e1&nbsp;los&nbsp;servicios, avances, metas y acciones&nbsp;de la instituci\u00f3n, as\u00ed como historias de&nbsp;vida.<\/p>\n\n\n\n<p>La primera emisi\u00f3n se encuentra disponible para su consulta&nbsp;enlos enlaces directos:&nbsp;https:\/\/open.spotify.com\/show\/5dYwaeC9J1VaUgIOHceURx,&nbsp;https:\/\/anchor.fm\/trinunal-superior-justicia-oaxaca&nbsp;y&nbsp;https:\/\/soundcloud.com\/hablemosjustamente.<\/p>\n\n\n\n<p>CONCLUYE PERIODO<\/p>\n\n\n\n<p>Por otra parte, conforme a lo establecido en los art\u00edculos 11,12 y 51 de la Ley Org\u00e1nica del Poder Judicial del Estado de Oaxaca, los plenos del Tribunal Superior de Justicia y del Consejo de la Judicatura, que preside&nbsp;el magistrado Eduardo Pinacho S\u00e1nchez, clausuraron el&nbsp;primer&nbsp;per\u00edodo ordinario de sesiones, correspondiente al 2022, con lo que inician un receso en sus actividades las cuales reanudar\u00e1n el 3 de&nbsp;agosto pr\u00f3ximo.<\/p>\n","protected":false},"excerpt":{"rendered":"<p>Redacci\u00f3n\/Zona Roja. Oaxaca de Ju\u00e1rez, Oax., 19 de julio de 2022.- El Poder Judicial del&hellip;<\/p>\n","protected":false},"author":2,"featured_media":43683,"comment_status":"closed","ping_status":"open","sticky":false,"template":"","format":"standard","meta":{"_lmt_disableupdate":"","_lmt_disable":"","_jetpack_memberships_contains_paid_content":false,"footnotes":""},"categories":[109,46],"tags":[223],"class_list":["post-43682","post","type-post","status-publish","format-standard","has-post-thumbnail","hentry","category-minuto-a-minuto","category-zona-blanca","tag-poder-judicial-de-oaxaca"],"jetpack_featured_media_url":"https:\/\/zonaroja.com.mx\/wp-content\/uploads\/2022\/07\/Podcast-microfono.jpeg","jetpack_sharing_enabled":true,"_links":{"self":[{"href":"https:\/\/zonaroja.com.mx\/index.php?rest_route=\/wp\/v2\/posts\/43682","targetHints":{"allow":["GET"]}}],"collection":[{"href":"https:\/\/zonaroja.com.mx\/index.php?rest_route=\/wp\/v2\/posts"}],"about":[{"href":"https:\/\/zonaroja.com.mx\/index.php?rest_route=\/wp\/v2\/types\/post"}],"author":[{"embeddable":true,"href":"https:\/\/zonaroja.com.mx\/index.php?rest_route=\/wp\/v2\/users\/2"}],"replies":[{"embeddable":true,"href":"https:\/\/zonaroja.com.mx\/index.php?rest_route=%2Fwp%2Fv2%2Fcomments&post=43682"}],"version-history":[{"count":1,"href":"https:\/\/zonaroja.com.mx\/index.php?rest_route=\/wp\/v2\/posts\/43682\/revisions"}],"predecessor-version":[{"id":43684,"href":"https:\/\/zonaroja.com.mx\/index.php?rest_route=\/wp\/v2\/posts\/43682\/revisions\/43684"}],"wp:featuredmedia":[{"embeddable":true,"href":"https:\/\/zonaroja.com.mx\/index.php?rest_route=\/wp\/v2\/media\/43683"}],"wp:attachment":[{"href":"https:\/\/zonaroja.com.mx\/index.php?rest_route=%2Fwp%2Fv2%2Fmedia&parent=43682"}],"wp:term":[{"taxonomy":"category","embeddable":true,"href":"https:\/\/zonaroja.com.mx\/index.php?rest_route=%2Fwp%2Fv2%2Fcategories&post=43682"},{"taxonomy":"post_tag","embeddable":true,"href":"https:\/\/zonaroja.com.mx\/index.php?rest_route=%2Fwp%2Fv2%2Ftags&post=43682"}],"curies":[{"name":"wp","href":"https:\/\/api.w.org\/{rel}","templated":true}]}}