{"id":43688,"date":"2022-07-19T10:54:00","date_gmt":"2022-07-19T15:54:00","guid":{"rendered":"http:\/\/www.zonaroja.com.mx\/?p=43688"},"modified":"2022-07-19T07:58:31","modified_gmt":"2022-07-19T12:58:31","slug":"sin-expectativas-de-cambios-profundos-con-gobierno-de-salomon-jara-investigadores","status":"publish","type":"post","link":"https:\/\/zonaroja.com.mx\/?p=43688","title":{"rendered":"Sin expectativas de cambios profundos con gobierno de Salom\u00f3n Jara: investigadores"},"content":{"rendered":"\n<p>Yuridiana Sosa\/Zona Roja.<\/p>\n\n\n\n<p>Oaxaca de Juarez, Oax., 19 de julio de 2022.- El pr\u00f3ximo sexenio estatal para Oaxaca, que estar\u00e1 a cargo de Salom\u00f3n Jara Cruz, del Partido Morena, se prev\u00e9 sin expectativas de cambios importantes para garantizar la justicia y paz ante los conflictos sociales.<\/p>\n\n\n\n<p>Desde la perspectiva del investigador Arturo Tapia, el gobierno entrante solo ha anunciado la continuidad de la pol\u00edtica federal, por lo que esperan que abra la posibilidad de crear una agenda para la soluci\u00f3n de conflictos.<\/p>\n\n\n\n<p>Entre estos temas, mencion\u00f3, para dar soluci\u00f3n a los casos que m\u00e1s se registran, que son los problemas entre las agencias y autoridades municipales por la entrega de recursos de los ramos 28 y 33, de los que no hay reglas claras.<\/p>\n\n\n\n<p>Adem\u00e1s, de aquellos relacionados con los conflictos agrarios entre agencias por la falta de justicia agraria.<\/p>\n\n\n\n<p>El defensor Miguel \u00c1lvarez se\u00f1al\u00f3 que en tema de justicia se sigue aplicando el viejo r\u00e9gimen de pol\u00edtica, el cual no se ha logrado transformar.<\/p>\n\n\n\n<p>\u201cCorrupci\u00f3n, poder e impunidad siguen funcionando\u201d, se\u00f1al\u00f3 el activista como los pendientes m\u00e1s sentidos por la sociedad que sufre de la injusticia.<\/p>\n\n\n\n<p>Recalc\u00f3 la importancia de la creaci\u00f3n de agendas de la sociedad, de cada sector, para ser escuchada por los gobiernos.<\/p>\n\n\n\n<p>La clave, dijo, es ser propositivos y reconocer los problemas, pero no se pueden abordar de forma aislada, sino como parte de un conjunto de estrategias.<\/p>\n\n\n\n<p>Por su parte , Marcos Leyva, apunt\u00f3 que en t\u00e9rminos de pol\u00edtica econ\u00f3mica para Oaxaca, no ser\u00e1 cambiante a lo que existe ahora en raz\u00f3n que la pr\u00f3xima administraci\u00f3n ya se ha alineado a los proyectos federales, principalmente con la ejecuci\u00f3n de megaproyectos y programas sociales.<\/p>\n","protected":false},"excerpt":{"rendered":"<p>Yuridiana Sosa\/Zona Roja. Oaxaca de Juarez, Oax., 19 de julio de 2022.- El pr\u00f3ximo sexenio&hellip;<\/p>\n","protected":false},"author":2,"featured_media":43607,"comment_status":"closed","ping_status":"open","sticky":false,"template":"","format":"standard","meta":{"_lmt_disableupdate":"","_lmt_disable":"","_jetpack_memberships_contains_paid_content":false,"footnotes":""},"categories":[109,47],"tags":[3198],"class_list":["post-43688","post","type-post","status-publish","format-standard","has-post-thumbnail","hentry","category-minuto-a-minuto","category-zona-gris","tag-instituto-de-investigaciones-sociologicas-uabjo"],"jetpack_featured_media_url":"https:\/\/zonaroja.com.mx\/wp-content\/uploads\/2022\/07\/Investigadores-conferencia-ISUABJO.jpg","jetpack_sharing_enabled":true,"_links":{"self":[{"href":"https:\/\/zonaroja.com.mx\/index.php?rest_route=\/wp\/v2\/posts\/43688","targetHints":{"allow":["GET"]}}],"collection":[{"href":"https:\/\/zonaroja.com.mx\/index.php?rest_route=\/wp\/v2\/posts"}],"about":[{"href":"https:\/\/zonaroja.com.mx\/index.php?rest_route=\/wp\/v2\/types\/post"}],"author":[{"embeddable":true,"href":"https:\/\/zonaroja.com.mx\/index.php?rest_route=\/wp\/v2\/users\/2"}],"replies":[{"embeddable":true,"href":"https:\/\/zonaroja.com.mx\/index.php?rest_route=%2Fwp%2Fv2%2Fcomments&post=43688"}],"version-history":[{"count":1,"href":"https:\/\/zonaroja.com.mx\/index.php?rest_route=\/wp\/v2\/posts\/43688\/revisions"}],"predecessor-version":[{"id":43689,"href":"https:\/\/zonaroja.com.mx\/index.php?rest_route=\/wp\/v2\/posts\/43688\/revisions\/43689"}],"wp:featuredmedia":[{"embeddable":true,"href":"https:\/\/zonaroja.com.mx\/index.php?rest_route=\/wp\/v2\/media\/43607"}],"wp:attachment":[{"href":"https:\/\/zonaroja.com.mx\/index.php?rest_route=%2Fwp%2Fv2%2Fmedia&parent=43688"}],"wp:term":[{"taxonomy":"category","embeddable":true,"href":"https:\/\/zonaroja.com.mx\/index.php?rest_route=%2Fwp%2Fv2%2Fcategories&post=43688"},{"taxonomy":"post_tag","embeddable":true,"href":"https:\/\/zonaroja.com.mx\/index.php?rest_route=%2Fwp%2Fv2%2Ftags&post=43688"}],"curies":[{"name":"wp","href":"https:\/\/api.w.org\/{rel}","templated":true}]}}