{"id":43698,"date":"2022-07-19T18:15:08","date_gmt":"2022-07-19T23:15:08","guid":{"rendered":"http:\/\/www.zonaroja.com.mx\/?p=43698"},"modified":"2022-07-19T18:15:10","modified_gmt":"2022-07-19T23:15:10","slug":"crece-percepcion-de-inseguridad-en-oaxaca-capital-en-2022-inegi","status":"publish","type":"post","link":"https:\/\/zonaroja.com.mx\/?p=43698","title":{"rendered":"Crece percepci\u00f3n de inseguridad en Oaxaca capital en 2022: Inegi"},"content":{"rendered":"\n<p>Yuridiana Sosa\/Zona Roja.<\/p>\n\n\n\n<p>Oaxaca de Ju\u00e1rez, Oax., 19 de julio de 2022.- La percepci\u00f3n de inseguridad increment\u00f3 en Oaxaca de Ju\u00e1rez para el segundo trimestre del 2022, con relaci\u00f3n al periodo anterior y del mismo lapso del 2021, de acuerdo con datos de la Encuesta Nacional de Seguridad P\u00fablica Urbana.<\/p>\n\n\n\n<p>Las estad\u00edsticas del Instituto Nacional de Estad\u00edstica y Geograf\u00eda (Inegi) revelaron que durante el segundo trimestre, al corte de junio de este 2022, el 70.7 por ciento de la poblaci\u00f3n capitalina de Oaxaca ten\u00eda una percepci\u00f3n de inseguridad p\u00fablica.<\/p>\n\n\n\n<p>Durante el primer trimestre del 2022, con corte a marzo, la percepci\u00f3n fue menor con un promedio del 69.9 por ciento, sin embargo, tambi\u00e9n fue mayor en comparaci\u00f3n a la registrada en junio de 2021.<\/p>\n\n\n\n<p>Con relaci\u00f3n a la \u201cpoblaci\u00f3n de 18 a\u00f1os y m\u00e1s que experiment\u00f3 conflictos o enfrentamientos\u201d durante el primer trimestre de 2022, la encuesta indic\u00f3 que as\u00ed ocurri\u00f3 para el 29.4 por ciento de los ciudadanos, mientras que en el segundo trimestre de este a\u00f1o fue de un 27.1 por ciento.<\/p>\n\n\n\n<p>PROMEDIO ESTATAL<\/p>\n\n\n\n<p>La Encuesta Nacional de Seguridad P\u00fablica Urbana (ENSU) tambi\u00e9n mostr\u00f3 la percepci\u00f3n a nivel estatal, en la que se destacan situaciones importantes con la efectividad del gobierno, corrupci\u00f3n, robos y el delito de extorsi\u00f3n.<\/p>\n\n\n\n<p>Sobre la \u201cPercepci\u00f3n de la poblaci\u00f3n sobre la efectividad del gobierno de su ciudad para resolver las principales problem\u00e1ticas\u201d, s\u00f3lo el 25.6 por ciento de los oaxaque\u00f1os estuvieron de acuerdo con la eficacia gubernamental.<\/p>\n\n\n\n<p>El 44.5 por ciento de la poblaci\u00f3n indic\u00f3 que en su contacto con autoridades de seguridad p\u00fablica experiment\u00f3 alg\u00fan acto de corrupci\u00f3n.<\/p>\n\n\n\n<p>Un promedio del 31.6 por ciento de los hogares fueron v\u00edctima o alg\u00fan integrante fue v\u00edctima de robo y\/o extorsi\u00f3n en el primer semestre de 2022.<\/p>\n\n\n\n<p>Con relaci\u00f3n a los \u201chogares v\u00edctima o con alg\u00fan integrante v\u00edctima de robo\u201d, en el primer semestre de 2022, la cifra fue de 26.7 por ciento. Mientras que en un 11.6 por ciento de los hogares o integrantes de una familia dijo que fue v\u00edctima de extorsi\u00f3n en ese mismo periodo.<\/p>\n\n\n\n<p>NACIONAL<\/p>\n\n\n\n<p>En M\u00e9xico, durante el mes de junio el 67. 4 por ciento de la poblaci\u00f3n de 18 a\u00f1os y m\u00e1s consider\u00f3 inseguro vivir en su ciudad, lo cual es ligeramente mayo con relaci\u00f3n al porcentaje en marzo que fue de 66.2 por ciento.<\/p>\n\n\n\n<p>Las ciudades con mayor porcentaje de poblaci\u00f3n que se siente insegura fueron Fresnillo, Zacatecas, Ciudad Obreg\u00f3n, Irapuato, Cuautitl\u00e1n Izcalli y Colima con 97.2, 90.4, 89.7, 89.7, 89.0 y 87.5 por ciento, respectivamente.<\/p>\n","protected":false},"excerpt":{"rendered":"<p>Yuridiana Sosa\/Zona Roja. Oaxaca de Ju\u00e1rez, Oax., 19 de julio de 2022.- La percepci\u00f3n de&hellip;<\/p>\n","protected":false},"author":2,"featured_media":43699,"comment_status":"closed","ping_status":"open","sticky":false,"template":"","format":"standard","meta":{"_lmt_disableupdate":"","_lmt_disable":"","_jetpack_memberships_contains_paid_content":false,"footnotes":""},"categories":[109,47],"tags":[148],"class_list":["post-43698","post","type-post","status-publish","format-standard","has-post-thumbnail","hentry","category-minuto-a-minuto","category-zona-gris","tag-oaxaca-de-juarez"],"jetpack_featured_media_url":"https:\/\/zonaroja.com.mx\/wp-content\/uploads\/2022\/07\/Policias-municipales-jardineros-Oaxaca.jpg","jetpack_sharing_enabled":true,"_links":{"self":[{"href":"https:\/\/zonaroja.com.mx\/index.php?rest_route=\/wp\/v2\/posts\/43698","targetHints":{"allow":["GET"]}}],"collection":[{"href":"https:\/\/zonaroja.com.mx\/index.php?rest_route=\/wp\/v2\/posts"}],"about":[{"href":"https:\/\/zonaroja.com.mx\/index.php?rest_route=\/wp\/v2\/types\/post"}],"author":[{"embeddable":true,"href":"https:\/\/zonaroja.com.mx\/index.php?rest_route=\/wp\/v2\/users\/2"}],"replies":[{"embeddable":true,"href":"https:\/\/zonaroja.com.mx\/index.php?rest_route=%2Fwp%2Fv2%2Fcomments&post=43698"}],"version-history":[{"count":1,"href":"https:\/\/zonaroja.com.mx\/index.php?rest_route=\/wp\/v2\/posts\/43698\/revisions"}],"predecessor-version":[{"id":43700,"href":"https:\/\/zonaroja.com.mx\/index.php?rest_route=\/wp\/v2\/posts\/43698\/revisions\/43700"}],"wp:featuredmedia":[{"embeddable":true,"href":"https:\/\/zonaroja.com.mx\/index.php?rest_route=\/wp\/v2\/media\/43699"}],"wp:attachment":[{"href":"https:\/\/zonaroja.com.mx\/index.php?rest_route=%2Fwp%2Fv2%2Fmedia&parent=43698"}],"wp:term":[{"taxonomy":"category","embeddable":true,"href":"https:\/\/zonaroja.com.mx\/index.php?rest_route=%2Fwp%2Fv2%2Fcategories&post=43698"},{"taxonomy":"post_tag","embeddable":true,"href":"https:\/\/zonaroja.com.mx\/index.php?rest_route=%2Fwp%2Fv2%2Ftags&post=43698"}],"curies":[{"name":"wp","href":"https:\/\/api.w.org\/{rel}","templated":true}]}}