{"id":43704,"date":"2022-07-19T20:25:13","date_gmt":"2022-07-20T01:25:13","guid":{"rendered":"http:\/\/www.zonaroja.com.mx\/?p=43704"},"modified":"2022-07-19T20:39:08","modified_gmt":"2022-07-20T01:39:08","slug":"desplazados-de-guadalupe-victoria-mixe-claman-justicia-por-tres-asesinatos","status":"publish","type":"post","link":"https:\/\/zonaroja.com.mx\/?p=43704","title":{"rendered":"Desplazados de Guadalupe Victoria Mixe claman justicia por tres asesinatos"},"content":{"rendered":"\n<p>Yuridiana Sosa\/Zona Roja.<\/p>\n\n\n\n<p>Oaxaca de Ju\u00e1rez, Oax., 19 de julio de 2022.- La desgracia, la injusticia, la indiferencia gubernamental envolvi\u00f3 una vez m\u00e1s a las familias desplazadas de la localidad de Guadalupe Victoria, de San Juan Juquila Mixe, que hoy lloran a sus tres muertos.<\/p>\n\n\n\n<p>De forma consecutiva, en el transcurso del pasado 14 de julio al 17 de julio, se report\u00f3 el asesinato de tres personas; una de ellas el defensor de los desplazados y ex agente municipal de Guadalupe Victoria, Crisp\u00edn Reyes Pablo, de 60 a\u00f1os.<\/p>\n\n\n\n<p>Mientras que en otro hecho, el de dos adultos mayores identificados como Porfirio Jos\u00e9 Avelino, de 88 a\u00f1os, y su esposa Epifan\u00eda Hern\u00e1ndez, de 78 a\u00f1os de edad, dentro de su vivienda en Guadalupe Victoria.<\/p>\n\n\n\n<p>A la llegada de los cuerpos de la pareja de ancianos a Juquila Mixe la tarde de este lunes, el ambiente se envolvi\u00f3 de llanto, pero tambi\u00e9n de coraje, rabia y frustraci\u00f3n por la injusticia, a las violaciones a sus derechos, a la vida, a lo que ha sido indiferente el gobierno desde hace cinco a\u00f1os, cuando fueron desplazados.<\/p>\n\n\n\n<p>RECLAMO Y LLANTO<\/p>\n\n\n\n<p>La poblaci\u00f3n desplazada recibi\u00f3 a sus muertos; los lamentos no cesaron; mujeres, ni\u00f1as y j\u00f3venes se abrazaron para recibir consuelo mutuo; rostros desencajados, descompuestos en una profunda tristeza y dolor se ve\u00edan en cualquier parte.<\/p>\n\n\n\n<p>Los cuerpos llegaron a bordo de la batea de una camioneta, envueltos en hules negros, amarrados sobre una palanca; era un solo bulto.<\/p>\n\n\n\n<p>A pie del veh\u00edculo, rodeado por los dolientes, llegaron dos sencillos ata\u00fades en tonos gris.<\/p>\n\n\n\n<p>El d\u00eda es fr\u00edo; no hay abrigo que caliente; sobre la puerta de una casa, un enorme mo\u00f1o negro anunci\u00f3 el luto que se vive desde ahora. Afuera, en el patio, comen los visitantes, entre ellos, personal de Derechos Humanos de la Secretar\u00eda de Gobernaci\u00f3n.<\/p>\n\n\n\n<p>\u201cSi como Gobernaci\u00f3n hubieran actuado, mi padre no hubiera muerto, pero ahora les corresponde el trabajo\u201d, reclam\u00f3 en una reuni\u00f3n la noche de ayer la hija del ex defensor de los desplazados.<\/p>\n\n\n\n<figure class=\"wp-block-embed is-type-rich is-provider-twitter wp-block-embed-twitter\"><div class=\"wp-block-embed__wrapper\">\n<div class=\"twitter-tweet\"><blockquote class=\"twitter-tweet\" data-lang=\"es\"><p lang=\"es\" dir=\"ltr\">En San Juan <a href=\"https:\/\/twitter.com\/hashtag\/Juquila?src=hash&amp;ref_src=twsrc%5Etfw\">#Juquila<\/a> Mixe, <a href=\"https:\/\/twitter.com\/hashtag\/Oaxaca?src=hash&amp;ref_src=twsrc%5Etfw\">#Oaxaca<\/a>, llanto, dolor, rabia, por el asesinato el fin de semana de una pareja de ancianos. <br>Organismos de derechos humanos acudieron a escuchar a los desplazados de Guadalupe Victoria.<br>\u00a1Justicia!, el clamor generalizado.<br>Video: Cortes\u00eda. <a href=\"https:\/\/t.co\/BMFPf3LdLf\">pic.twitter.com\/BMFPf3LdLf<\/a><\/p>&mdash; Zona Roja Oaxaca (@ZonaRoja_Oaxaca) <a href=\"https:\/\/twitter.com\/ZonaRoja_Oaxaca\/status\/1549563354372460545?ref_src=twsrc%5Etfw\">20 de julio de 2022<\/a><\/blockquote><\/div>\n<\/div><\/figure>\n\n\n\n<p>La mujer record\u00f3 que su padre, Crisp\u00edn Reyes Pablo, era un hombre que no ten\u00eda problemas con nadie y por eso el pueblo lo eligi\u00f3 como agente municipal, al tiempo que se convirti\u00f3 en el defensor de su comunidad; esa labor, dijo, lo llev\u00f3 a la muerte.<\/p>\n\n\n\n<p>Pero no fue la \u00fanica que reclam\u00f3, hombres y mujeres sentenciaron que el gobierno de Oaxaca, en especial la Secretar\u00eda General de Gobierno, y el gobierno federal, nunca han puesto atenci\u00f3n a sus demandas de justicia.<\/p>\n\n\n\n<p>\u201cNo es justo, nos vamos a poner de acuerdo para que el gobierno nos haga caso\u201d, sentenci\u00f3 otra habitante afectada ante las autoridades de Gobernaci\u00f3n e integrantes de la Defensor\u00eda de Derechos Humanos del Pueblo de Oaxaca que tambi\u00e9n llegaron al lugar.<\/p>\n\n\n\n<p>Crisp\u00edn Reyes, asesinado el 14 de julio alrededor de las 14:00 horas en un paraje cercano a la comunidad de Juquila Mixe, cerca del Cerro Pel\u00f3n, realiz\u00f3 las gestiones posibles para encontrar paz y soluci\u00f3n al problema agrario con la comunidad de San Pedro Ocotepec, pero grupos radicales de esa comunidad se opusieron siempre, record\u00f3 uno de los habitantes de Guadalupe Victoria que luch\u00f3 junto al defensor.<\/p>\n\n\n\n<p>ANTECEDENTE<\/p>\n\n\n\n<p>Desde el a\u00f1o 2017, unas 530 personas que integran 128 familias de la comunidad de Guadalupe Victoria Mixe fueron desplazadas de forma obligada por un grupo violento de Ocotepec tras el fallo del Tribunal Unitario Agrario que les concedi\u00f3 los derechos de posesi\u00f3n de la localidad de Guadalupe Victoria a la cabecera de San Juan Juquila Mixe.<\/p>\n\n\n\n<p>Los reclamos para un regreso seguro empezaron desde ese entonces sin eco para el gobierno estatal, a quien nuevamente en julio del 2021 volvieron a exigir atenci\u00f3n y justicia sobre su desplazamiento.<\/p>\n\n\n\n<p>Tras el asesinato del defensor, la DDHPO dict\u00f3 medidas cautelares para las 128 familias desplazadas de Juquila Mixe.<\/p>\n\n\n\n<p>Por lo que demand\u00f3 a la Fiscal\u00eda General de Oaxaca medidas de protecci\u00f3n as a las personas que resulten v\u00edctimas directas e indirectas del hecho.<\/p>\n\n\n\n<p>Video completo:<\/p>\n\n\n\n<figure class=\"wp-block-embed\"><div class=\"wp-block-embed__wrapper\">\nhttps:\/\/fb.watch\/en5xiIS9lN\/\n<\/div><\/figure>\n","protected":false},"excerpt":{"rendered":"<p>Yuridiana Sosa\/Zona Roja. Oaxaca de Ju\u00e1rez, Oax., 19 de julio de 2022.- La desgracia, la&hellip;<\/p>\n","protected":false},"author":2,"featured_media":43705,"comment_status":"closed","ping_status":"open","sticky":false,"template":"","format":"standard","meta":{"_lmt_disableupdate":"","_lmt_disable":"","_jetpack_memberships_contains_paid_content":false,"footnotes":""},"categories":[109,47],"tags":[2822],"class_list":["post-43704","post","type-post","status-publish","format-standard","has-post-thumbnail","hentry","category-minuto-a-minuto","category-zona-gris","tag-san-juan-juquila-mixe"],"jetpack_featured_media_url":"https:\/\/zonaroja.com.mx\/wp-content\/uploads\/2022\/07\/Desplazados-Guadalupe-Victoria-Juquila-Mixe.jpg","jetpack_sharing_enabled":true,"_links":{"self":[{"href":"https:\/\/zonaroja.com.mx\/index.php?rest_route=\/wp\/v2\/posts\/43704","targetHints":{"allow":["GET"]}}],"collection":[{"href":"https:\/\/zonaroja.com.mx\/index.php?rest_route=\/wp\/v2\/posts"}],"about":[{"href":"https:\/\/zonaroja.com.mx\/index.php?rest_route=\/wp\/v2\/types\/post"}],"author":[{"embeddable":true,"href":"https:\/\/zonaroja.com.mx\/index.php?rest_route=\/wp\/v2\/users\/2"}],"replies":[{"embeddable":true,"href":"https:\/\/zonaroja.com.mx\/index.php?rest_route=%2Fwp%2Fv2%2Fcomments&post=43704"}],"version-history":[{"count":2,"href":"https:\/\/zonaroja.com.mx\/index.php?rest_route=\/wp\/v2\/posts\/43704\/revisions"}],"predecessor-version":[{"id":43708,"href":"https:\/\/zonaroja.com.mx\/index.php?rest_route=\/wp\/v2\/posts\/43704\/revisions\/43708"}],"wp:featuredmedia":[{"embeddable":true,"href":"https:\/\/zonaroja.com.mx\/index.php?rest_route=\/wp\/v2\/media\/43705"}],"wp:attachment":[{"href":"https:\/\/zonaroja.com.mx\/index.php?rest_route=%2Fwp%2Fv2%2Fmedia&parent=43704"}],"wp:term":[{"taxonomy":"category","embeddable":true,"href":"https:\/\/zonaroja.com.mx\/index.php?rest_route=%2Fwp%2Fv2%2Fcategories&post=43704"},{"taxonomy":"post_tag","embeddable":true,"href":"https:\/\/zonaroja.com.mx\/index.php?rest_route=%2Fwp%2Fv2%2Ftags&post=43704"}],"curies":[{"name":"wp","href":"https:\/\/api.w.org\/{rel}","templated":true}]}}