{"id":43707,"date":"2022-07-19T21:20:24","date_gmt":"2022-07-20T02:20:24","guid":{"rendered":"http:\/\/www.zonaroja.com.mx\/?p=43707"},"modified":"2022-07-19T21:20:26","modified_gmt":"2022-07-20T02:20:26","slug":"persisten-bloqueos-y-protestas-en-oaxaca-a-escasos-dias-de-guelaguetza","status":"publish","type":"post","link":"https:\/\/zonaroja.com.mx\/?p=43707","title":{"rendered":"Persisten bloqueos y protestas en Oaxaca, a escasos d\u00edas de Guelaguetza"},"content":{"rendered":"\n<p>Yuridiana Sosa\/Zona Roja.<\/p>\n\n\n\n<p>Oaxaca de Ju\u00e1rez, Oax., 19 de julio de 2022.- Los bloqueos y protestas en la zona metropolitana de la ciudad de Oaxaca y en el interior del estado, no cesan.<\/p>\n\n\n\n<p>Este martes, mientras el gobernador Alejandro Murat recorr\u00eda la capital con personalidades del espect\u00e1culo en M\u00e9xico para promocionar la Guelaguetza 2022, estallaron diversas manifestaciones.<\/p>\n\n\n\n<p>Exigencias de justicia, recursos econ\u00f3micos, obras e intereses sociales movilizaron a organizaciones, ciudadanos y familias en Oaxaca para presionar a las autoridades estatales y federales a atender sus demandas.<\/p>\n\n\n\n<p>Frente a las c\u00e1maras y micr\u00f3fonos de medios nacionales todo era \u201ccolor de rosa\u201d; en las visitas a lugares tur\u00edsticos y mercados de la capital para degustar de la comida tradicional y artesan\u00edas de Oaxaca no existieron inconformidades.<\/p>\n\n\n\n<p>Sin embargo, en la regi\u00f3n de Valles Centrales, familiares y amigos de la joven Alondra Paola Sandoval Ram\u00edrez, desaparecida el 10 de julio, bloquearon casi todo el d\u00eda la carretera federal 175, en jurisdicci\u00f3n del municipio de \u00c1nimas Trujano, para exigir a la Fiscal\u00eda General de Oaxaca su inmediata localizaci\u00f3n.<\/p>\n\n\n\n<p>La adolescente de 16 a\u00f1os desapareci\u00f3 en la calle de Emiliano Zapata de \u00c1nimas Trujano, cuando se encontraba en el domicilio de una amiga, donde presuntamente fue llevada por la fuerza.<\/p>\n\n\n\n<p>Su familia reclama dilaci\u00f3n en el proceso de b\u00fasqueda y del cual no tienen mayor informaci\u00f3n, por lo que demandan inmediatez para investigar el caso y que la joven regrese a casa a salvo.<\/p>\n\n\n\n<figure class=\"wp-block-embed is-type-rich is-provider-twitter wp-block-embed-twitter\"><div class=\"wp-block-embed__wrapper\">\n<div class=\"twitter-tweet\"><blockquote class=\"twitter-tweet\" data-lang=\"es\"><p lang=\"es\" dir=\"ltr\"><a href=\"https:\/\/twitter.com\/hashtag\/%C3%9AltimoMinuto?src=hash&amp;ref_src=twsrc%5Etfw\">#\u00daltimoMinuto<\/a> <br>Habitantes de \u00c1nimas Trujano bloquean la carretera federal 175 <a href=\"https:\/\/twitter.com\/hashtag\/Oaxaca?src=hash&amp;ref_src=twsrc%5Etfw\">#Oaxaca<\/a>-Puerto \u00c1ngel, a la altura de ese municipio, para pedir se agilice la b\u00fasqueda de la adolescente Alondra Paola Sandoval Ram\u00edrez, desaparecida desde el 10 de julio. <a href=\"https:\/\/t.co\/XA6efoWo5B\">pic.twitter.com\/XA6efoWo5B<\/a><\/p>&mdash; Zona Roja Oaxaca (@ZonaRoja_Oaxaca) <a href=\"https:\/\/twitter.com\/ZonaRoja_Oaxaca\/status\/1549421806578049026?ref_src=twsrc%5Etfw\">19 de julio de 2022<\/a><\/blockquote><\/div>\n<\/div><\/figure>\n\n\n\n<p>CIUDAD ADMINISTRATIVA<\/p>\n\n\n\n<p>&nbsp;En tanto, esta ma\u00f1ana el Consejo Ind\u00edgena Popular de Oaxaca \u201cRicardo Flores Mag\u00f3n\u201d (CIPO-RFM) tambi\u00e9n se moviliz\u00f3 con la \u201ctoma\u201d expr\u00e9s del acceso principal de Ciudad Administrativa, en Tlalixtac de Cabrera, para exigir una mesa de negociaci\u00f3n con la Secretar\u00eda General de Gobierno.<\/p>\n\n\n\n<p>Los manifestantes demandaron condiciones para el retorno del activista Ra\u00fal Gatica, exiliado en Vancouver, Canad\u00e1; mesa de di\u00e1logo con la Fiscal\u00eda General del Estado de Oaxaca y entrega de terrenos para sus agremiados en el municipio de Santa Cruz Huatulco, como se estableci\u00f3 hace varios a\u00f1os y no se ha cumplido.<\/p>\n\n\n\n<p>EN ISTMO<\/p>\n\n\n\n<p>Propietarios de terrenos donde se instalaron parques &nbsp;e\u00f3licos en la agencia de La Ventosa, de Juchit\u00e1n de Zaragoza instalaron un bloqueo en la carretera Trans\u00edstmica 185, para exigir a la empresa cumplimiento de pagos y compromisos que realiz\u00f3 la empresa EDF &nbsp;hace varios a\u00f1os.<\/p>\n\n\n\n<p>Los inconformes se instalaron en el punto conocido como Santa Rita, afectando el tramo vehicular La Ventosa-Juchit\u00e1n para presionar a que las autoridades estatales intervengan en la soluci\u00f3n de sus demandas.<\/p>\n\n\n\n<p>TAMBI\u00c9N COSTA<\/p>\n\n\n\n<p>Habitantes de la comunidad de San Marcos Zacatepec iniciaron un bloqueo sobre la carretera Juquila-R\u00edo Grande para exigir obras y recursos ante la presunta exclusi\u00f3n de la poblaci\u00f3n por parte del edil de Santa Catarina Juquila, Felipe Ju\u00e1rez Guzm\u00e1n.<\/p>\n\n\n\n<p>Con camionetas particulares, los manifestantes obstruyeron el paso y denunciaron que no fueron convocados a la asamblea en la que se decidir\u00eda el destino de los 20 millones de pesos que el gobierno federal destin\u00f3 por los da\u00f1os del hurac\u00e1n \u201cAgatha\u201d, de los cuales quedaron excluidos.<\/p>\n\n\n\n<p>Mientras tanto, la prioridad para el gobierno estatal es cerrar con \u201cbroche de oro\u201d el sexenio a trav\u00e9s de las fiestas de Guelaguetza.&nbsp;<\/p>\n\n\n\n<p>En la sede de la Defensor\u00eda de los Derechos Humanos, en la ciudad, un grupo de docentes-alumnos de la Universidad Pedag\u00f3gica Nacional acudi\u00f3 para exigir intervenci\u00f3n del organismo a fin de que se les otorgue su t\u00edtulo, tras concluir sus estudios, seg\u00fan dijeron.<\/p>\n\n\n\n<p>En tanto, la ma\u00f1ana de hoy, tras cuatro d\u00edas, trabajadores del \u00e1rea de Paludismo retiraron su bloqueo a las oficinas de los Servicios de Salud de Oaxaca, en la calle J. P. Garc\u00eda del Centro Hist\u00f3rico de la capital.<\/p>\n","protected":false},"excerpt":{"rendered":"<p>Yuridiana Sosa\/Zona Roja. Oaxaca de Ju\u00e1rez, Oax., 19 de julio de 2022.- Los bloqueos y&hellip;<\/p>\n","protected":false},"author":2,"featured_media":43709,"comment_status":"closed","ping_status":"open","sticky":false,"template":"","format":"standard","meta":{"_lmt_disableupdate":"","_lmt_disable":"","_jetpack_memberships_contains_paid_content":false,"footnotes":""},"categories":[109,47],"tags":[2254],"class_list":["post-43707","post","type-post","status-publish","format-standard","has-post-thumbnail","hentry","category-minuto-a-minuto","category-zona-gris","tag-protestas-y-bloqueos-oaxaca"],"jetpack_featured_media_url":"https:\/\/zonaroja.com.mx\/wp-content\/uploads\/2022\/07\/Bloqueo-San-Marcos-Zacatepec-Juquila.jpg","jetpack_sharing_enabled":true,"_links":{"self":[{"href":"https:\/\/zonaroja.com.mx\/index.php?rest_route=\/wp\/v2\/posts\/43707","targetHints":{"allow":["GET"]}}],"collection":[{"href":"https:\/\/zonaroja.com.mx\/index.php?rest_route=\/wp\/v2\/posts"}],"about":[{"href":"https:\/\/zonaroja.com.mx\/index.php?rest_route=\/wp\/v2\/types\/post"}],"author":[{"embeddable":true,"href":"https:\/\/zonaroja.com.mx\/index.php?rest_route=\/wp\/v2\/users\/2"}],"replies":[{"embeddable":true,"href":"https:\/\/zonaroja.com.mx\/index.php?rest_route=%2Fwp%2Fv2%2Fcomments&post=43707"}],"version-history":[{"count":1,"href":"https:\/\/zonaroja.com.mx\/index.php?rest_route=\/wp\/v2\/posts\/43707\/revisions"}],"predecessor-version":[{"id":43710,"href":"https:\/\/zonaroja.com.mx\/index.php?rest_route=\/wp\/v2\/posts\/43707\/revisions\/43710"}],"wp:featuredmedia":[{"embeddable":true,"href":"https:\/\/zonaroja.com.mx\/index.php?rest_route=\/wp\/v2\/media\/43709"}],"wp:attachment":[{"href":"https:\/\/zonaroja.com.mx\/index.php?rest_route=%2Fwp%2Fv2%2Fmedia&parent=43707"}],"wp:term":[{"taxonomy":"category","embeddable":true,"href":"https:\/\/zonaroja.com.mx\/index.php?rest_route=%2Fwp%2Fv2%2Fcategories&post=43707"},{"taxonomy":"post_tag","embeddable":true,"href":"https:\/\/zonaroja.com.mx\/index.php?rest_route=%2Fwp%2Fv2%2Ftags&post=43707"}],"curies":[{"name":"wp","href":"https:\/\/api.w.org\/{rel}","templated":true}]}}