{"id":43711,"date":"2022-07-20T09:11:00","date_gmt":"2022-07-20T14:11:00","guid":{"rendered":"http:\/\/www.zonaroja.com.mx\/?p=43711"},"modified":"2022-07-19T22:12:05","modified_gmt":"2022-07-20T03:12:05","slug":"opinion-avecindados-los-excluidos","status":"publish","type":"post","link":"https:\/\/zonaroja.com.mx\/?p=43711","title":{"rendered":"Opini\u00f3n. Avecindados, los excluidos"},"content":{"rendered":"\n<p>N\u00e9stor Y. S\u00e1nchez Islas<\/p>\n\n\n\n<p>La exclusi\u00f3n y discriminaci\u00f3n son algunos de los males sociales m\u00e1s&nbsp;violentos. Nos quejamos de lo que hacen en otros pa\u00edses contra los paisanos, pero aqu\u00ed se aplica con brutal \u00e9nfasis que vulnera los derechos humanos de cientos de miles de personas a quienes aplican al descalificativo de \u201cavecindados\u201d por vivir en un n\u00facleo comunal en el que no nacieron.&nbsp;<\/p>\n\n\n\n<p>Los usos y costumbres llevados al extremo del autoritarismo en un af\u00e1n de detener algo imposible, la movilidad provocada por el crecimiento demogr\u00e1fico.<\/p>\n\n\n\n<p>La organizaci\u00f3n en comunas y la posesi\u00f3n de tierra de forma colectiva es una instituci\u00f3n importada del reino de Castilla. Las tierras comunales son una instituci\u00f3n de origen medieval, as\u00ed como la organizaci\u00f3n corporativa que&nbsp;hoy en d\u00eda&nbsp;se mantiene.<\/p>\n\n\n\n<p>Como una forma de control, los espa\u00f1oles impusieron en la colonias americanas la organizaci\u00f3n por medio de \u201ccorporaciones\u201d, que iban de los cabildos a las hermandades, cofrad\u00edas religiosas y gremiales y otros agrupaciones que evolucionaron&nbsp;hasta convertirse&nbsp;en el siglo XX&nbsp;en&nbsp;los sindicatos con un gran poder&nbsp;con dominio sobre&nbsp;territorios enteros.&nbsp;En el caso oaxaque\u00f1o tenemos al magisterio, los transportistas y comuneros en general como poderes f\u00e1cticos que retan al Estado.&nbsp;<\/p>\n\n\n\n<p>El modelo&nbsp;corporativo&nbsp;lo defini\u00f3 la Iglesia&nbsp;y el Estado espa\u00f1ol y, por sus or\u00edgenes religiosos, se acept\u00f3 y se&nbsp;mantiene con fuerza en poblaciones ind\u00edgenas que viven bajo el calendario de sus festividades y santos patronos.<\/p>\n\n\n\n<p>Aprovechando el sentimiento profundamente religioso de los pueblos nativos, los frailes pudieron crear toda una conciencia colectiva de la necesidad de organizarse corporativamente, costumbre medieval que casi no ha evolucionado en M\u00e9xico&nbsp;para dar paso a&nbsp;organizaciones m\u00e1s democr\u00e1ticas e institucionales.&nbsp;La mentalidad&nbsp;medieval&nbsp;que se mantiene es una de las razones del profundo atraso&nbsp;de muchos pueblos.<\/p>\n\n\n\n<p>De la organizaci\u00f3n corporativa&nbsp;nos vamos&nbsp;a los a\u00f1os de las reformas borb\u00f3nicas&nbsp;del siglo XVIII&nbsp;para poder entender el origen del pensamiento y comportamiento&nbsp;excluyente&nbsp;hacia&nbsp;los avecindados. El entramado social sobre el que se construy\u00f3 el M\u00e9xico del siglo XIX y XX tiene su origen en las reformas estructurales que, entre otras cosas, dieron paso a la independencia de las colonias americanas.<\/p>\n\n\n\n<p>Se reconfiguraron las instituciones y se pas\u00f3 de ser s\u00fabdito a ser ciudadano gracias a las reformas liberales del pensamiento ilustrado. La crisis de 1808 dio paso, en los reinos hisp\u00e1nicos, a la igualdad jur\u00eddica, la libertad de asociaci\u00f3n, pensamiento, prensa y respeto a la propiedad. La constituci\u00f3n gaditana le confiere primac\u00eda al pueblo y al individuo por sobre el rey, al que se le dej\u00f3 de&nbsp;considerar&nbsp;como el origen de la soberan\u00eda.<\/p>\n\n\n\n<p>De aqu\u00ed naci\u00f3 la figura de los ayuntamientos constitucionales, aqu\u00ed est\u00e1 el origen de la eclosi\u00f3n de ayuntamientos a lo largo y ancho del pa\u00eds, pero sobre todo en Oaxaca en que, casi cada pueblo, quiso tener sus propios \u00f3rganos administrativos, instrumentos de autogobierno y manejo de la justicia&nbsp;social, arrebat\u00e1ndole la&nbsp;primac\u00eda a la unidad administrativa de la iglesia, que domin\u00f3 durante todo el per\u00edodo colonial.<\/p>\n\n\n\n<p>La defensa de la tierra fue una de las razones de esa defensa a ultranza del los nuevos ayuntamiento constitucionales, quitar poder al centro y transferirlo a la periferia, hacerse ellos mismos depositantes de la soberan\u00eda y crear sus propios espacios de representaci\u00f3n pol\u00edtica.<\/p>\n\n\n\n<p>Al pasar de los a\u00f1os empezaron a crearse nuevos contrapesos del poder. La organizaci\u00f3n comunitaria se fortaleci\u00f3 al defender sus tierras de los despojos de los espa\u00f1oles, primero, y los ricos criollos despu\u00e9s.&nbsp;La defensa de las tierras comunales se hizo con toda fiereza al ser \u00e9sta la dadora de riqueza y alimentos.<\/p>\n\n\n\n<p>Este sentimiento de defensa ante el despojo de los extra\u00f1os ha derivado en la creaci\u00f3n de los actuales consejos comunales que siguen anclados a modelos medievales renuentes al cambio. El enorme crecimiento de la poblaci\u00f3n ha obligado a&nbsp;usar&nbsp;terrenos&nbsp;comunitarios&nbsp;para darle casa a los millones de personas que necesitan una.<\/p>\n\n\n\n<p>De la organizaci\u00f3n corporativa&nbsp;promovida por los espa\u00f1oles para controlarlos a trav\u00e9s de la religi\u00f3n a la libertad, ciudadan\u00eda y conciencia del individuo&nbsp;que la Ilustraci\u00f3n les trajo&nbsp;transcurrieron 300 a\u00f1os. Desde la independencia han pasado 200 y el modelo de pensamiento ah\u00ed se qued\u00f3. Es necesario actualizarlo porque es incompatible con los tiempos que hoy&nbsp;vivimos en que se condena el racismo y la exclusi\u00f3n.<\/p>\n\n\n\n<p>Los comuneros&nbsp;se ensa\u00f1an con sus avecindados&nbsp;porque no hay defensa ante ellos&nbsp;que,&nbsp;parapetados en sus \u201casambleas\u201d, modalidad altamente manipulable de democracia,&nbsp;avasallan&nbsp;a cualquiera.<\/p>\n\n\n\n<p>Los desplantes y el&nbsp;trato majadero que dan los comuneros de Huay\u00e1pam, San Agust\u00edn y San Pablo Etla, San Felipe del Agua y otros muchos&nbsp;m\u00e1s son muy conocidos. La negativa a permitirles habitar en \u201csus territorios\u201d y negarles los servicios es un atentado contra los derechos humanos.<\/p>\n\n\n\n<p>Twitter @nestoryuri<\/p>\n","protected":false},"excerpt":{"rendered":"<p>N\u00e9stor Y. S\u00e1nchez Islas La exclusi\u00f3n y discriminaci\u00f3n son algunos de los males sociales m\u00e1s&nbsp;violentos.&hellip;<\/p>\n","protected":false},"author":2,"featured_media":41861,"comment_status":"closed","ping_status":"open","sticky":false,"template":"","format":"standard","meta":{"_lmt_disableupdate":"","_lmt_disable":"","_jetpack_memberships_contains_paid_content":false,"footnotes":""},"categories":[456,109],"tags":[3050],"class_list":["post-43711","post","type-post","status-publish","format-standard","has-post-thumbnail","hentry","category-columna","category-minuto-a-minuto","tag-nestor-yuri-sanchez"],"jetpack_featured_media_url":"https:\/\/zonaroja.com.mx\/wp-content\/uploads\/2022\/05\/Opinion-Nestor-Yuri-Sanchez-Islas.jpg","jetpack_sharing_enabled":true,"_links":{"self":[{"href":"https:\/\/zonaroja.com.mx\/index.php?rest_route=\/wp\/v2\/posts\/43711","targetHints":{"allow":["GET"]}}],"collection":[{"href":"https:\/\/zonaroja.com.mx\/index.php?rest_route=\/wp\/v2\/posts"}],"about":[{"href":"https:\/\/zonaroja.com.mx\/index.php?rest_route=\/wp\/v2\/types\/post"}],"author":[{"embeddable":true,"href":"https:\/\/zonaroja.com.mx\/index.php?rest_route=\/wp\/v2\/users\/2"}],"replies":[{"embeddable":true,"href":"https:\/\/zonaroja.com.mx\/index.php?rest_route=%2Fwp%2Fv2%2Fcomments&post=43711"}],"version-history":[{"count":1,"href":"https:\/\/zonaroja.com.mx\/index.php?rest_route=\/wp\/v2\/posts\/43711\/revisions"}],"predecessor-version":[{"id":43712,"href":"https:\/\/zonaroja.com.mx\/index.php?rest_route=\/wp\/v2\/posts\/43711\/revisions\/43712"}],"wp:featuredmedia":[{"embeddable":true,"href":"https:\/\/zonaroja.com.mx\/index.php?rest_route=\/wp\/v2\/media\/41861"}],"wp:attachment":[{"href":"https:\/\/zonaroja.com.mx\/index.php?rest_route=%2Fwp%2Fv2%2Fmedia&parent=43711"}],"wp:term":[{"taxonomy":"category","embeddable":true,"href":"https:\/\/zonaroja.com.mx\/index.php?rest_route=%2Fwp%2Fv2%2Fcategories&post=43711"},{"taxonomy":"post_tag","embeddable":true,"href":"https:\/\/zonaroja.com.mx\/index.php?rest_route=%2Fwp%2Fv2%2Ftags&post=43711"}],"curies":[{"name":"wp","href":"https:\/\/api.w.org\/{rel}","templated":true}]}}