{"id":43713,"date":"2022-07-20T08:00:00","date_gmt":"2022-07-20T13:00:00","guid":{"rendered":"http:\/\/www.zonaroja.com.mx\/?p=43713"},"modified":"2022-07-19T22:14:34","modified_gmt":"2022-07-20T03:14:34","slug":"participa-poder-judicial-en-seminario-sobre-el-centenario-de-la-constitucion","status":"publish","type":"post","link":"https:\/\/zonaroja.com.mx\/?p=43713","title":{"rendered":"Participa Poder Judicial en Seminario sobre el Centenario de la Constituci\u00f3n"},"content":{"rendered":"\n<p>Redacci\u00f3n\/Zona Roja.<\/p>\n\n\n\n<p>Oaxaca de Ju\u00e1rez, Oax., 20 de julio de 2022.- \u201cLa diversidad \u00e9tnica y cultural, la especial composici\u00f3n social y una muy particular orograf\u00eda impone la necesidad de que Oaxaca disponga de leyes espec\u00edficas y diferenciadas que armonicen tal pluralidad. Eso dio lugar a una Constituci\u00f3n visionaria para su tiempo\u201d, se\u00f1al\u00f3 el titular del Poder Judicial del Estado, magistrado Eduardo Pinacho S\u00e1nchez.<\/p>\n\n\n\n<p>El presidente del Tribunal Superior de Justicia y del Consejo de la Judicatura, particip\u00f3 en&nbsp;la inauguraci\u00f3n del&nbsp;Seminario \u00abCentenario de la Constituci\u00f3n Pol\u00edtica de 1922. La contribuci\u00f3n legislativa delCongreso del Estado de Oaxaca\u00bb, organizado por la LXV Legislatura local, y que se lleva a cabo desde este martes&nbsp;19,&nbsp;y durante los d\u00edas&nbsp;20, 21 y 26 de julio.<\/p>\n\n\n\n<p>En su intervenci\u00f3n,&nbsp;afirm\u00f3&nbsp;que los poderes, las fuerzas pol\u00edticas y los intelectuales de Oaxaca han aportado ideas e instituciones valiosas al constitucionalismo nacional. En ese proceso, indic\u00f3,&nbsp;se han incorporado instituciones de participaci\u00f3n ciudadana, el plebiscito, el refer\u00e9ndum, la revocaci\u00f3n de mandato, o bien, la singular jurisdicci\u00f3n ind\u00edgena en 2015.&nbsp;<\/p>\n\n\n\n<p>Al respecto, resalt\u00f3&nbsp;la Sala Constitucional&nbsp;del Tribunal Superior de Justicia,&nbsp;con mecanismos de control constitucional y de&nbsp;tutela, como el juicio para la Protecci\u00f3n de los Derechos Humanos, consagrado en el art\u00edculo 106, Apartado B, fracci\u00f3n V de la Constituci\u00f3n de Oaxaca.&nbsp;<\/p>\n\n\n\n<p>Asimismo, reconoci\u00f3 la valiosa aportaci\u00f3n de&nbsp;las diputadas y a los diputados a partir de la XXIII y hasta la LXV legislatura, actualmente en funciones,&nbsp;quienes&nbsp;han contribuido a conformar los contenidos de nuestra Constituci\u00f3n en la cual se&nbsp;encuentran las claves de la vida social y p\u00fablica, las creencias de los oaxaque\u00f1os convertidas en valores, principios y reglas de conducta.&nbsp;<\/p>\n\n\n\n<p>Junto con el Poder Ejecutivo y Legislativo, el Poder Judicial del Estado forma parte del Comit\u00e9 para la Conmemoraci\u00f3n del Centenario de la Constituci\u00f3n Pol\u00edtica del Estado Libre y Soberano de Oaxaca, a trav\u00e9s del cual se organizan diferentes actividades.<\/p>\n","protected":false},"excerpt":{"rendered":"<p>Redacci\u00f3n\/Zona Roja. Oaxaca de Ju\u00e1rez, Oax., 20 de julio de 2022.- \u201cLa diversidad \u00e9tnica y&hellip;<\/p>\n","protected":false},"author":2,"featured_media":43714,"comment_status":"closed","ping_status":"open","sticky":false,"template":"","format":"standard","meta":{"_lmt_disableupdate":"","_lmt_disable":"","_jetpack_memberships_contains_paid_content":false,"footnotes":""},"categories":[109,46],"tags":[223],"class_list":["post-43713","post","type-post","status-publish","format-standard","has-post-thumbnail","hentry","category-minuto-a-minuto","category-zona-blanca","tag-poder-judicial-de-oaxaca"],"jetpack_featured_media_url":"https:\/\/zonaroja.com.mx\/wp-content\/uploads\/2022\/07\/Poder-Judicial-Oaxaca-Eduardo-Pinacho.jpg","jetpack_sharing_enabled":true,"_links":{"self":[{"href":"https:\/\/zonaroja.com.mx\/index.php?rest_route=\/wp\/v2\/posts\/43713","targetHints":{"allow":["GET"]}}],"collection":[{"href":"https:\/\/zonaroja.com.mx\/index.php?rest_route=\/wp\/v2\/posts"}],"about":[{"href":"https:\/\/zonaroja.com.mx\/index.php?rest_route=\/wp\/v2\/types\/post"}],"author":[{"embeddable":true,"href":"https:\/\/zonaroja.com.mx\/index.php?rest_route=\/wp\/v2\/users\/2"}],"replies":[{"embeddable":true,"href":"https:\/\/zonaroja.com.mx\/index.php?rest_route=%2Fwp%2Fv2%2Fcomments&post=43713"}],"version-history":[{"count":1,"href":"https:\/\/zonaroja.com.mx\/index.php?rest_route=\/wp\/v2\/posts\/43713\/revisions"}],"predecessor-version":[{"id":43715,"href":"https:\/\/zonaroja.com.mx\/index.php?rest_route=\/wp\/v2\/posts\/43713\/revisions\/43715"}],"wp:featuredmedia":[{"embeddable":true,"href":"https:\/\/zonaroja.com.mx\/index.php?rest_route=\/wp\/v2\/media\/43714"}],"wp:attachment":[{"href":"https:\/\/zonaroja.com.mx\/index.php?rest_route=%2Fwp%2Fv2%2Fmedia&parent=43713"}],"wp:term":[{"taxonomy":"category","embeddable":true,"href":"https:\/\/zonaroja.com.mx\/index.php?rest_route=%2Fwp%2Fv2%2Fcategories&post=43713"},{"taxonomy":"post_tag","embeddable":true,"href":"https:\/\/zonaroja.com.mx\/index.php?rest_route=%2Fwp%2Fv2%2Ftags&post=43713"}],"curies":[{"name":"wp","href":"https:\/\/api.w.org\/{rel}","templated":true}]}}