{"id":43718,"date":"2022-07-20T06:49:49","date_gmt":"2022-07-20T11:49:49","guid":{"rendered":"http:\/\/www.zonaroja.com.mx\/?p=43718"},"modified":"2022-07-20T06:49:50","modified_gmt":"2022-07-20T11:49:50","slug":"dirigente-del-pri-vuelve-a-amenazar-a-periodistas-se-dice-influyente","status":"publish","type":"post","link":"https:\/\/zonaroja.com.mx\/?p=43718","title":{"rendered":"Dirigente del PRI vuelve a amenazar a periodistas; se dice influyente"},"content":{"rendered":"\n<p>Redacci\u00f3n\/Zona Roja Cdmx.<\/p>\n\n\n\n<p>Ciudad de M\u00e9xico, 20 de julio de 2022.- En un nuevo audio difundido este 19 de julio, se escucha a Alejandro Moreno amenazando de nueva cuenta a periodistas y afirmando que es \u201cbrother\u201d de due\u00f1os de Proceso, Carlos Mar\u00edn y Ciro G\u00f3mez Leyva.<\/p>\n\n\n\n<p>A pesar del amparo que Alejandro Moreno asegur\u00f3 se le concedi\u00f3 contra la difusi\u00f3n de audios, Layda Sansores, gobernadora de Campeche, dio a conocer ayer un nuevo material sobre el l\u00edder nacional del PRI.<\/p>\n\n\n\n<p>En el nuevo audio, se escucha a Alejandro Moreno citar un caso en espec\u00edfico donde un columnista escribi\u00f3 un art\u00edculo para el diario local, \u201cTribuna\u201d, donde record\u00f3, fue criticado.<\/p>\n\n\n\n<p>Debido a la publicaci\u00f3n en la que dijo, le pusieron \u201cen toda la madre\u201d, Alejandro Moreno agreg\u00f3 que m\u00e1s tarde orden\u00f3 al director del medio de comunicaci\u00f3n publicar otro texto a su favor.<\/p>\n\n\n\n<p>Incluso, refiri\u00f3 que el nuevo art\u00edculo con sentido positivo sobre su persona, se public\u00f3 con el nombre del autor que previamente lo hab\u00eda criticado en el texto opinativo.<\/p>\n\n\n\n<p>\u201cUn cabr\u00f3n mand\u00f3 un art\u00edculo a \u2018Tribuna\u2019, poni\u00e9ndome en toda la madre a m\u00ed. \u2018Ah, \u00bfeso escribi\u00f3 ese cabr\u00f3n?\u2019 Le digo, bueno, pon un art\u00edculo donde hablen maravillas de Alito y le pones su nombre y lo publican (&#8230;) bueno, t\u00fa sabes que aqu\u00ed se habla bien de Alito\u201d<\/p>\n\n\n\n<p>De la misma forma, en el nuevo audio Alejandro Moreno se\u00f1al\u00f3 que de ser due\u00f1o de un peri\u00f3dico, lo utilizar\u00eda con el fin de afectar a sus rivales, pero agrediendo a las familias de estos.<\/p>\n\n\n\n<p>Pese a ello, se\u00f1al\u00f3 que no ha recurrido a ese tipo de acciones debido a que no ha \u201cquerido ser un hijo de la chingada\u201d y continu\u00f3 explicando lo qu\u00e9 har\u00eda de tener un peri\u00f3dico.<\/p>\n\n\n\n<p>\u201cMe pone un putazo Rosaura Mijangos, \u00bfc\u00f3mo no, vas y le tomas foto? \u2018Esta es una prostituta\u2019 Y vas a ver t\u00fa si vuelve a sacar algo\u201d<\/p>\n\n\n\n<p>Siguiendo el tono de la conversaci\u00f3n que se captur\u00f3 en el nuevo audio, Alejandro Moreno se\u00f1al\u00f3 que en otra ocasi\u00f3n, tambi\u00e9n intimid\u00f3 a un periodista que le \u201cpegaba\u201d.<\/p>\n\n\n\n<p>En su narraci\u00f3n, el l\u00edder nacional del PRI dijo que si bien no es periodista, es pol\u00edtico, por lo que ha incurrido en acciones para intimidar a comunicadores.<\/p>\n\n\n\n<p>Al citar otro caso, Alejandro Moreno se\u00f1al\u00f3 que orden\u00f3 un montaje con el fin de hacer creer a un periodista que su esposa le estaba siendo infiel, lo que agreg\u00f3, resuelve las cr\u00edticas en su contra.<\/p>\n\n\n\n<p>Adem\u00e1s, en el nuevo audio se oye a Alejandro Moreno \u201cembarrar\u201d a diferentes comunicadores nacionales, como lo es el caso de Carlos Mar\u00edn, Ciro G\u00f3mez Leyva y hasta los due\u00f1os de Proceso.<\/p>\n\n\n\n<p>Al mencionar a los periodistas de los que asegur\u00f3, son sus \u201cbrothers\u201d, Alejandro Moreno mencion\u00f3 a comunicadores como los siguientes: Rafael Cardona, Antonio Naval\u00f3n, Ciro G\u00f3mez Leyva, Carlos Mar\u00edn.<\/p>\n\n\n\n<p>Tras presumir su supuesta relaci\u00f3n con dichos periodistas, Alejandro Moreno sostuvo que de requerirlo, puede pedirles a todos ellos \u201crajarle la madre\u201d a quien \u00e9l decida.<\/p>\n\n\n\n<p>(Informaci\u00f3n de SDP Noticias)<\/p>\n","protected":false},"excerpt":{"rendered":"<p>Redacci\u00f3n\/Zona Roja Cdmx. Ciudad de M\u00e9xico, 20 de julio de 2022.- En un nuevo audio&hellip;<\/p>\n","protected":false},"author":2,"featured_media":41350,"comment_status":"closed","ping_status":"open","sticky":false,"template":"","format":"standard","meta":{"_lmt_disableupdate":"","_lmt_disable":"","_jetpack_memberships_contains_paid_content":false,"footnotes":""},"categories":[109,47],"tags":[314],"class_list":["post-43718","post","type-post","status-publish","format-standard","has-post-thumbnail","hentry","category-minuto-a-minuto","category-zona-gris","tag-alejandro-moreno-cardenas"],"jetpack_featured_media_url":"https:\/\/zonaroja.com.mx\/wp-content\/uploads\/2022\/05\/Alejandro-Moreno-Cardenas.jpeg","jetpack_sharing_enabled":true,"_links":{"self":[{"href":"https:\/\/zonaroja.com.mx\/index.php?rest_route=\/wp\/v2\/posts\/43718","targetHints":{"allow":["GET"]}}],"collection":[{"href":"https:\/\/zonaroja.com.mx\/index.php?rest_route=\/wp\/v2\/posts"}],"about":[{"href":"https:\/\/zonaroja.com.mx\/index.php?rest_route=\/wp\/v2\/types\/post"}],"author":[{"embeddable":true,"href":"https:\/\/zonaroja.com.mx\/index.php?rest_route=\/wp\/v2\/users\/2"}],"replies":[{"embeddable":true,"href":"https:\/\/zonaroja.com.mx\/index.php?rest_route=%2Fwp%2Fv2%2Fcomments&post=43718"}],"version-history":[{"count":1,"href":"https:\/\/zonaroja.com.mx\/index.php?rest_route=\/wp\/v2\/posts\/43718\/revisions"}],"predecessor-version":[{"id":43719,"href":"https:\/\/zonaroja.com.mx\/index.php?rest_route=\/wp\/v2\/posts\/43718\/revisions\/43719"}],"wp:featuredmedia":[{"embeddable":true,"href":"https:\/\/zonaroja.com.mx\/index.php?rest_route=\/wp\/v2\/media\/41350"}],"wp:attachment":[{"href":"https:\/\/zonaroja.com.mx\/index.php?rest_route=%2Fwp%2Fv2%2Fmedia&parent=43718"}],"wp:term":[{"taxonomy":"category","embeddable":true,"href":"https:\/\/zonaroja.com.mx\/index.php?rest_route=%2Fwp%2Fv2%2Fcategories&post=43718"},{"taxonomy":"post_tag","embeddable":true,"href":"https:\/\/zonaroja.com.mx\/index.php?rest_route=%2Fwp%2Fv2%2Ftags&post=43718"}],"curies":[{"name":"wp","href":"https:\/\/api.w.org\/{rel}","templated":true}]}}