{"id":43720,"date":"2022-07-20T09:00:00","date_gmt":"2022-07-20T14:00:00","guid":{"rendered":"http:\/\/www.zonaroja.com.mx\/?p=43720"},"modified":"2022-07-20T07:43:30","modified_gmt":"2022-07-20T12:43:30","slug":"acusa-ong-de-omiso-e-irresponsable-a-gobiernos-federal-y-estatal-por-desplazados","status":"publish","type":"post","link":"https:\/\/zonaroja.com.mx\/?p=43720","title":{"rendered":"Acusa ONG de omiso e irresponsable a gobiernos federal y estatal por desplazados"},"content":{"rendered":"\n<p>Redacci\u00f3n\/Zona Roja.<\/p>\n\n\n\n<p>Oaxaca de Ju\u00e1rez, Oax., 20 de julio de 2022.- El Centro de Derechos Humanos y Asesor\u00eda a Pueblos Ind\u00edgenas (Cedhapi) acus\u00f3 a la Secretar\u00eda General de Gobierno de Oaxaca (Segego) y a la Secretar\u00eda de Gobernaci\u00f3n (Segob) de ser omisos e irresponsables con los desplazados de la agencia Guadalupe Victoria, San Juan Juquila Mixe, desde hace cinco a\u00f1os.<\/p>\n\n\n\n<p>Dicha organizaci\u00f3n junto con representantes de derechos humanos nacional y estatal, acudieron el lunes a la zona a escuchar a los inconformes, donde constataron que los m\u00e1s de 500 desplazados viven en condiciones infrahumanas y sin apoyos.<\/p>\n\n\n\n<p>Asistieron tambi\u00e9n representantes del Mecanismo de Protecci\u00f3n para Personas Defensoras de Derechos humanos y Periodistas de la Segob, en este caso por el asesinato el pasado 14 de julio del defensor comunitario y representante de los desplazados, Crisp\u00edn Reyes Pablo.<\/p>\n\n\n\n<p>De la misma manera, escucharon las quejas y reclamos de justicia de los familiares de Porfirio Jos\u00e9 Avelino, de 88 a\u00f1os de edad, y su esposa Epifan\u00eda Hern\u00e1ndez, de 78 a\u00f1os, quienes fueron localizados muertos el pasado domingo en el \u00e1rea en conflicto; presentaban impactos de arma de fuego.<\/p>\n\n\n\n<p>El d\u00eda 7 de enero del 7 de enero del 2017, aproximadamente las 08:00 de la ma\u00f1ana, privaron de la vida, al menor de edad Jos\u00e9 Antonio P\u00e9rez Manuel en la misma zona.<\/p>\n\n\n\n<p>En un comunicado, el Cedhapi detall\u00f3:<\/p>\n\n\n\n<p>\u201cSe observ\u00f3 que la poblaci\u00f3n que fue desplazada en forma violenta, el d\u00eda 6 de enero del 2017 de la comunidad de Guadalupe Victoria, Juquila Mixes, en su mayor\u00eda son mujeres, ni\u00f1os y ancianos, y que en las intervenciones que se efectuaron por parte de las personas desplazadas se refirieron que no han recibido ayuda humanitaria por parte del gobierno federal y estatal.<\/p>\n\n\n\n<p>\u201cDestacando que carecen de alimentos, atenci\u00f3n m\u00e9dica y vivienda, ya&nbsp; que el Gobierno del Estado de Oaxaca los ha ignorado y solo los&nbsp; ha enga\u00f1ado, exponi\u00e9ndolos &nbsp;durante cinco a\u00f1os a sufrir lesiones, amenazas y ataques, en donde han perdido la vida diversas personas\u201d.<\/p>\n\n\n\n<p>Luego detall\u00f3 las exigencias de los pobladores de Guadalupe Victoria, entre ellos la exigencia de justicia con el esclarecimiento de los homicidios cometidos<\/p>\n\n\n\n<p>Que se les brinde seguridad por diferentes cuerpos policiacos, como son Guardia Nacional, Polic\u00eda Estatal, entre otros.<\/p>\n\n\n\n<p>Se solicita&nbsp; el retorno seguro a la comunidad de Guadalupe Victoria, lugar donde se encuentran sus casas y terrenos.<\/p>\n\n\n\n<p>Que se les repare los da\u00f1os causados durante cinco a\u00f1os que llevan de desplazados y que han tenido p\u00e9rdidas de su cosecha y animales y tambi\u00e9n les han robado sus pertenencias.<\/p>\n\n\n\n<p>Se exige ayuda humanitaria inmediata consisten en alimentos, medicina, ropa.<\/p>\n\n\n\n<p>&nbsp;Adem\u00e1s, el organismo civil que encabeza Maurilio Santiago Reyes, demand\u00f3 a la Comisi\u00f3n Nacional de Derechos Humanos otorgue medidas cautelares de manera urgente a favor de las familias desplazadas de Guadalupe Victoria, que se encuentran en el municipio de San Juan Juquila Mixe, para que el gobierno federal y el estatal brinde de forma inmediata ayuda humanitaria en alimentos, ropa, medicamentos, entre otros.<\/p>\n\n\n\n<p>Que el Mecanismo de Protecci\u00f3n para Personas Defensoras de Derechos humanos y Periodista de la Segob incorpore de manera colectiva a las personas desplazadas de Guadalupe Victoria que se encuentran en &nbsp;el municipio de San Juan Juquila Mixesy que brinden medidas de protecci\u00f3n de manera urgente y tambi\u00e9n a las familias de las personas que fueron asesinados recientemente<\/p>\n\n\n\n<p>Que la Fiscal\u00eda General del Estado de Oaxaca investigue los cr\u00edmenes del joven menor de edad que fue asesinado el d\u00eda 7 de enero del 2017 Jos\u00e9 Antonio P\u00e9rez Manuel; &nbsp;del defensor comunitario Crisp\u00edn Reyes Pablo, y de los se\u00f1ores de la tercera edad Porfirio Jos\u00e9 Avelino y Epifania Hern\u00e1ndez.<\/p>\n\n\n\n<p>\u201c&nbsp;Hacemos referencia que las diferente instancia del Gobierno del Estado de Oaxaca han sido omisas e irresponsables en atender el desplazamiento forzado interno de las 128 familias de Guadalupe Victoria\u201d, remarc\u00f3.<\/p>\n","protected":false},"excerpt":{"rendered":"<p>Redacci\u00f3n\/Zona Roja. Oaxaca de Ju\u00e1rez, Oax., 20 de julio de 2022.- El Centro de Derechos&hellip;<\/p>\n","protected":false},"author":2,"featured_media":43721,"comment_status":"closed","ping_status":"open","sticky":false,"template":"","format":"standard","meta":{"_lmt_disableupdate":"","_lmt_disable":"","_jetpack_memberships_contains_paid_content":false,"footnotes":""},"categories":[109,47],"tags":[2822],"class_list":["post-43720","post","type-post","status-publish","format-standard","has-post-thumbnail","hentry","category-minuto-a-minuto","category-zona-gris","tag-san-juan-juquila-mixe"],"jetpack_featured_media_url":"https:\/\/zonaroja.com.mx\/wp-content\/uploads\/2022\/07\/Desplazado-Guadalupe-Victoria-Juquila-Mixe.jpg","jetpack_sharing_enabled":true,"_links":{"self":[{"href":"https:\/\/zonaroja.com.mx\/index.php?rest_route=\/wp\/v2\/posts\/43720","targetHints":{"allow":["GET"]}}],"collection":[{"href":"https:\/\/zonaroja.com.mx\/index.php?rest_route=\/wp\/v2\/posts"}],"about":[{"href":"https:\/\/zonaroja.com.mx\/index.php?rest_route=\/wp\/v2\/types\/post"}],"author":[{"embeddable":true,"href":"https:\/\/zonaroja.com.mx\/index.php?rest_route=\/wp\/v2\/users\/2"}],"replies":[{"embeddable":true,"href":"https:\/\/zonaroja.com.mx\/index.php?rest_route=%2Fwp%2Fv2%2Fcomments&post=43720"}],"version-history":[{"count":1,"href":"https:\/\/zonaroja.com.mx\/index.php?rest_route=\/wp\/v2\/posts\/43720\/revisions"}],"predecessor-version":[{"id":43722,"href":"https:\/\/zonaroja.com.mx\/index.php?rest_route=\/wp\/v2\/posts\/43720\/revisions\/43722"}],"wp:featuredmedia":[{"embeddable":true,"href":"https:\/\/zonaroja.com.mx\/index.php?rest_route=\/wp\/v2\/media\/43721"}],"wp:attachment":[{"href":"https:\/\/zonaroja.com.mx\/index.php?rest_route=%2Fwp%2Fv2%2Fmedia&parent=43720"}],"wp:term":[{"taxonomy":"category","embeddable":true,"href":"https:\/\/zonaroja.com.mx\/index.php?rest_route=%2Fwp%2Fv2%2Fcategories&post=43720"},{"taxonomy":"post_tag","embeddable":true,"href":"https:\/\/zonaroja.com.mx\/index.php?rest_route=%2Fwp%2Fv2%2Ftags&post=43720"}],"curies":[{"name":"wp","href":"https:\/\/api.w.org\/{rel}","templated":true}]}}