{"id":43723,"date":"2022-07-20T08:29:57","date_gmt":"2022-07-20T13:29:57","guid":{"rendered":"http:\/\/www.zonaroja.com.mx\/?p=43723"},"modified":"2022-07-20T08:29:58","modified_gmt":"2022-07-20T13:29:58","slug":"los-suenos-truncados-de-el-teacher-asesinado-ayer-en-xoxocotlan","status":"publish","type":"post","link":"https:\/\/zonaroja.com.mx\/?p=43723","title":{"rendered":"Los sue\u00f1os truncados de \u201cEl Teacher\u201d, asesinado ayer en Xoxocotl\u00e1n"},"content":{"rendered":"\n<p>Ismael Garc\u00eda M.\/Zona Roja.<\/p>\n\n\n\n<p>Oaxaca de Ju\u00e1rez, Oax., 20 de julio de 2022.- \u00c1lvaro Sebasti\u00e1n Ram\u00edrez tenia sue\u00f1os de retomar su lucha social en su natal San Agust\u00edn Loxicha y en la zona, a favor de sus paisanos.<\/p>\n\n\n\n<p>Pese al estigma de ser comandante del Ej\u00e9rcito Popular Revolucionario (EPR), por lo cual pas\u00f3 en prisi\u00f3n m\u00e1s de 19 a\u00f1os, en julio de 2017, al quedar en libertad, decidi\u00f3 retomar su activismo. Pero no culmin\u00f3 sus sue\u00f1os.<\/p>\n\n\n\n<p>\u201cYo me considero un luchador social, lo que yo hice en la regi\u00f3n Loxicha, constru\u00ed, organic\u00e9 a los compa\u00f1eros, que el mismo pueblo me pidi\u00f3, para sus demandas econ\u00f3micas, pol\u00edticas, sociales, para la regi\u00f3n.<\/p>\n\n\n\n<p>\u201cEn aquel entonces como maestro tuve que estar adelante, lo hice con trabajo de organizaci\u00f3n de coraz\u00f3n, sab\u00eda que estaba bien, no estaba perjudicando a nadie, simplemente a exigir al gobierno estatal y federal, a exigir lo que le corresponde al pueblo.<\/p>\n\n\n\n<p>\u201cEso nos oblig\u00f3 a crecer, tanto como por el lado de la Costa, hacia el Istmo, hacia el Valle de Oaxaca, y eso vio el Estado mexicano que la organizaci\u00f3n va creciendo y ora s\u00ed que nos fabrican delitos.<\/p>\n\n\n\n<p>\u201cNos acusaron de homicidio, de homicidio en grado de tentativa, de conspiraci\u00f3n, terrorismo, robo de autos.. eso me llev\u00f3 a estar preso 19 a\u00f1os con seis meses con 10 d\u00edas\u201d, narr\u00f3 el 10 de julio de 2017, reci\u00e9n salido de prisi\u00f3n, al medio digital \u201cAvispa Midia\u201d.<\/p>\n\n\n\n<p>&nbsp;\u201cPero eso no me doblega, al contrario aprend\u00ed mucho; para m\u00ed fue una escuela, una universidad; me siento m\u00e1s capaz para continuar con los trabajos de organizaci\u00f3n de lucha; y sabemos muy bien que el Congreso Nacional Ind\u00edgena tiene m\u00e1s trabajos en este momento y quiero acompa\u00f1arlos\u201d, expuso \u00c1lvaro Sebasti\u00e1n Ram\u00edrez.<\/p>\n\n\n\n<p>El ind\u00edgena zapoteca particip\u00f3 activamente en la conformaci\u00f3n de la Organizaci\u00f3n de Pueblos Ind\u00edgenas Zapotecas (OPIZ), surgido desde 1984.<\/p>\n\n\n\n<p>En 1997, sexenio de Diodoro Carrasco Altamirano, su intensa actividad social lo llev\u00f3 a ser vinculado con el Ej\u00e9rcito Popular Revolucionario \u2014que surgi\u00f3 en Guerrero y en Oaxaca realiz\u00f3 dos ataques armados, el 29 de agosto de 1996\u2014, por lo cual se inici\u00f3 una redada policial en la Sierra Sur.<\/p>\n\n\n\n<p>El llamado \u201cComandante Teacher\u201d fue detenido el 26 de diciembre de 1997; fue condenado a 27 a\u00f1os de prisi\u00f3n, junto con otros habitantes de la zona Loxicha.<\/p>\n\n\n\n<p>De acuerdo con el activista Flavio Sosa Villavicencio, dirigente de la organizaci\u00f3n Comuna, \u00c1lvaro Ram\u00edrez quer\u00eda intensificar su labor social y pol\u00edtica:<\/p>\n\n\n\n<p>\u201cEl s\u00e1bado nos vimos y me insisti\u00f3 en la importancia de charlar con el Presidente Andr\u00e9s Manuel L\u00f3pez Obrador. Ten\u00eda un sue\u00f1o\u2026 \u00c9l quer\u00eda la libertad de sus hermanos ind\u00edgenas presos por delitos fabricados y que a Loxicha llegara la justicia de la 4T.&nbsp;<\/p>\n\n\n\n<p>\u201cLe quer\u00eda plantear c\u00f3mo sigue Loxicha al Presidente. Lo asesinaron\u2026 \u00a1Exigimos justicia!\u201d.&nbsp;<\/p>\n\n\n\n<p>En su entrevista en 2017, \u00c1lvaro Sebasti\u00e1n agradeci\u00f3 a organismos nacionales e internacionales de derechos humanos por la solidaridad y exigencia de justicia y libertad, que finalmente lograron sacarlo de prisi\u00f3n, dijo.<\/p>\n\n\n\n<p>Vivi\u00f3 en prisi\u00f3n el dolor de perder a su esposa, Catalina Luis P\u00e9rez, quien falleci\u00f3 el 17 de marzo de 2016. Pidi\u00f3 permiso para acudir al sepelio; se lo negaron.&nbsp;<\/p>\n\n\n\n<p>Trabajaba ya por su zona, Loxicha, y buscar\u00eda la presidencia municipal de su tierra natal, San Agust\u00edn. Las balas truncaron ayer su sue\u00f1o, al ser abatido en Santa Cruz Xoxocotl\u00e1n.<\/p>\n","protected":false},"excerpt":{"rendered":"<p>Ismael Garc\u00eda M.\/Zona Roja. Oaxaca de Ju\u00e1rez, Oax., 20 de julio de 2022.- \u00c1lvaro Sebasti\u00e1n&hellip;<\/p>\n","protected":false},"author":2,"featured_media":43724,"comment_status":"closed","ping_status":"open","sticky":false,"template":"","format":"standard","meta":{"_lmt_disableupdate":"","_lmt_disable":"","_jetpack_memberships_contains_paid_content":false,"footnotes":""},"categories":[109,46],"tags":[3199],"class_list":["post-43723","post","type-post","status-publish","format-standard","has-post-thumbnail","hentry","category-minuto-a-minuto","category-zona-blanca","tag-alvaro-sebastian-ramirez"],"jetpack_featured_media_url":"https:\/\/zonaroja.com.mx\/wp-content\/uploads\/2022\/07\/Alvaro-Sebastian-Ramirez-EPR.jpg","jetpack_sharing_enabled":true,"_links":{"self":[{"href":"https:\/\/zonaroja.com.mx\/index.php?rest_route=\/wp\/v2\/posts\/43723","targetHints":{"allow":["GET"]}}],"collection":[{"href":"https:\/\/zonaroja.com.mx\/index.php?rest_route=\/wp\/v2\/posts"}],"about":[{"href":"https:\/\/zonaroja.com.mx\/index.php?rest_route=\/wp\/v2\/types\/post"}],"author":[{"embeddable":true,"href":"https:\/\/zonaroja.com.mx\/index.php?rest_route=\/wp\/v2\/users\/2"}],"replies":[{"embeddable":true,"href":"https:\/\/zonaroja.com.mx\/index.php?rest_route=%2Fwp%2Fv2%2Fcomments&post=43723"}],"version-history":[{"count":1,"href":"https:\/\/zonaroja.com.mx\/index.php?rest_route=\/wp\/v2\/posts\/43723\/revisions"}],"predecessor-version":[{"id":43725,"href":"https:\/\/zonaroja.com.mx\/index.php?rest_route=\/wp\/v2\/posts\/43723\/revisions\/43725"}],"wp:featuredmedia":[{"embeddable":true,"href":"https:\/\/zonaroja.com.mx\/index.php?rest_route=\/wp\/v2\/media\/43724"}],"wp:attachment":[{"href":"https:\/\/zonaroja.com.mx\/index.php?rest_route=%2Fwp%2Fv2%2Fmedia&parent=43723"}],"wp:term":[{"taxonomy":"category","embeddable":true,"href":"https:\/\/zonaroja.com.mx\/index.php?rest_route=%2Fwp%2Fv2%2Fcategories&post=43723"},{"taxonomy":"post_tag","embeddable":true,"href":"https:\/\/zonaroja.com.mx\/index.php?rest_route=%2Fwp%2Fv2%2Ftags&post=43723"}],"curies":[{"name":"wp","href":"https:\/\/api.w.org\/{rel}","templated":true}]}}