{"id":4373,"date":"2019-09-28T19:04:06","date_gmt":"2019-09-29T00:04:06","guid":{"rendered":"http:\/\/www.zonaroja.com.mx\/?p=4373"},"modified":"2019-09-28T19:04:10","modified_gmt":"2019-09-29T00:04:10","slug":"confiesa-sicario-que-fue-contratado-por-edil-para-matar-a-gente-de-xanica","status":"publish","type":"post","link":"https:\/\/zonaroja.com.mx\/?p=4373","title":{"rendered":"Confiesa sicario que fue contratado por edil para matar a gente de Xanica"},"content":{"rendered":"\n<p>Ismael\nGarc\u00eda\/Zona Roja.<\/p>\n\n\n\n<p>Oaxaca de Ju\u00e1rez,\nOax., 28 de septiembre de 2019.- \u201cEl se\u00f1or Ricardo Lur\u00eda (presidente municipal\nde Santiago Xanica) ha organizado amotinamientos, emboscadas, muchas cosas, ya\nque \u00fanicamente les interesa tener el poder y el control econ\u00f3mico del lugar; en\nesa ocasi\u00f3n Jos\u00e9 Aguilar me contact\u00f3, para que lo acompa\u00f1ara para hacer algo, \u00e9l\nven\u00eda a matar a otras personas\u201d.<\/p>\n\n\n\n<p>Esa fue la confesi\u00f3n que hizo Edgar S. F, presunto sicario que fue detenido el pasado domingo en Xanica, acusado de balear el domicilio del ex edil C\u00e9sar Reynaldo Luis D\u00edaz, integrante del Comit\u00e9 de Defensa de Derechos Ind\u00edgenas (Codedi). <\/p>\n\n\n\n<figure class=\"wp-block-embed-twitter wp-block-embed is-type-rich is-provider-twitter\"><div class=\"wp-block-embed__wrapper\">\n<div class=\"twitter-tweet\"><blockquote class=\"twitter-tweet\" data-lang=\"es\"><p lang=\"es\" dir=\"ltr\"><a href=\"https:\/\/twitter.com\/hashtag\/OaxacaRojo?src=hash&amp;ref_src=twsrc%5Etfw\">#OaxacaRojo<\/a><br>(2) \u00c9dgar S. F. es un supuesto sicario presuntamente contratado por el edil Ricardo Lur\u00eda para asesinar al ex edil C\u00e9sar Reynaldo Luis, el pasado domingo; fue detenido con un arma larga y golpeado; anoche tambi\u00e9n fue entregado a la <a href=\"https:\/\/twitter.com\/FGR_Oax?ref_src=twsrc%5Etfw\">@FGR_Oax<\/a>. <a href=\"https:\/\/t.co\/8u2BdsVV9E\">pic.twitter.com\/8u2BdsVV9E<\/a><\/p>&mdash; Zona Roja Oaxaca (@MexRoja) <a href=\"https:\/\/twitter.com\/MexRoja\/status\/1178090544347668481?ref_src=twsrc%5Etfw\">28 de septiembre de 2019<\/a><\/blockquote><\/div>\n<\/div><\/figure>\n\n\n\n<p>Por esos\nhechos fue retenido ese d\u00eda con un arma de grueso calibre, rifle AR-15, &nbsp;y golpeado por los pobladores, quienes finalmente\nentregado la noche del viernes a la Fiscal\u00eda General de la Rep\u00fablica con sede\nen Huatulco.<\/p>\n\n\n\n<p>\u201cComo s\u00e9 que\nen otras ocasiones lo ha hecho, se ha dedicado a matar a la gente, entre ellos\nhan acordado tratar de quitar de en medio a quien les estorbe, se han dedicado\na lastimar no importa que sean ni\u00f1os, mujeres y hombres, siempre tratan de\ntener un beneficio econ\u00f3mico\u201d, revel\u00f3 a trav\u00e9s de un video difundido la v\u00edspera\nen redes sociales.<\/p>\n\n\n\n<p>\u201cMe doy\ncuenta de cu\u00e1l es la situaci\u00f3n y no me gusta lo que est\u00e1n haciendo, estoy en la\ncompleta disposici\u00f3n y en mis cinco sentidos, estoy hablando la verdad, no es\njusto que traten de afectar a la ciudadan\u00eda, cuando lo poco he conocido se ve\nque son personas de bien que se dedican al trabajo y entonces esas personas que\nme contrataron a m\u00ed, as\u00ed como han contratado a otras personas, para matar, para\nlastimar, para hacer da\u00f1o a la gente\u201d.<\/p>\n\n\n\n<p>\u201cMe tomo el\natrevimiento de expresar libremente todo lo que puedo hacer para que el\ngobierno intervenga en esa situaci\u00f3n, que se est\u00e1 afectando mucho a la\nciudadan\u00eda de este lugar. Ricardo Lur\u00eda es la persona que m\u00e1s&nbsp; ha afectado al lugar y a la persona que a m\u00ed\nme contrat\u00f3 que es Jos\u00e9 Aguilar, que se la pasan intimidando a las personas,\ntratando de buscar el beneficio propio.<\/p>\n\n\n\n<p>\u201cEsas\npersonas en Oaxaca de Ju\u00e1rez se la pasan viviendo a sus anchas, gastando el\ndinero p\u00fablico que les da el gobierno, para beneficio de las personas que lo\nnecesitan, se la gastan en mujeres, en drogas. El gobierno no interviene, no se\nda cuenta, no aplica mano dura contra ellos, porque les vale\u201d, confes\u00f3 el\nindividuo, originario presuntamente de Santa Cruz Xoxocotl\u00e1n.<\/p>\n\n\n\n<p>En tanto el s\u00edndico de Xanica, Carlos S. O., fue detenido el martes acusado de ser copart\u00edcipe de la balacera en el domicilio del ex edil y de coadyuvar a que los otros agresores escaparan.<\/p>\n\n\n\n<figure class=\"wp-block-embed-twitter wp-block-embed is-type-rich is-provider-twitter\"><div class=\"wp-block-embed__wrapper\">\n<div class=\"twitter-tweet\"><blockquote class=\"twitter-tweet\" data-lang=\"es\"><p lang=\"es\" dir=\"ltr\"><a href=\"https:\/\/twitter.com\/hashtag\/OaxacaRojo?src=hash&amp;ref_src=twsrc%5Etfw\">#OaxacaRojo<\/a><br>(1) Previo a su entrega a la <a href=\"https:\/\/twitter.com\/FGR_Oax?ref_src=twsrc%5Etfw\">@FGR_Oax<\/a>, el s\u00edndico de Santiago Xanica, Carlos S. O., declar\u00f3 que la masacre perpetrada el a\u00f1o pasado en Cerro Metate, \u201cla mand\u00f3 a hacer el se\u00f1or Ricardo Lur\u00eda\u201d. Fue retenido por varios d\u00edas en ese municipio como presunto c\u00f3mplice. <a href=\"https:\/\/t.co\/bLCMqtNuuF\">pic.twitter.com\/bLCMqtNuuF<\/a><\/p>&mdash; Zona Roja Oaxaca (@MexRoja) <a href=\"https:\/\/twitter.com\/MexRoja\/status\/1178086248767881216?ref_src=twsrc%5Etfw\">28 de septiembre de 2019<\/a><\/blockquote><\/div>\n<\/div><\/figure>\n\n\n\n<p>\u201cDeclaro que\nla muerte que hubo en Cerro Metate (en febrero de 2018), lo mand\u00f3 a hacer el\nse\u00f1or Ricardo Lur\u00eda, ex presidente municipal; yo despu\u00e9s de esa masacre me sal\u00ed\nde mi pueblo para ir a Oaxaca para ir a una reuni\u00f3n.<\/p>\n\n\n\n<p>\u201cDespu\u00e9s de\nesa reuni\u00f3n ah\u00ed me enter\u00e9 que \u00e9l es el culpable de esa masacre porque escuch\u00e9\ncon Jos\u00e9 Aguilar cuando dijo que ya estaba hecho el trabajo. Al otro d\u00eda\nllegaron dos personas, que no los conozco, logr\u00e9 escuchar que a uno le dijeron\nPaco y le dieron 50 mil pesos, fueron dos pagos, en total 100 mil pesos por la\nmasacre de Cerro Metate\u201d, revel\u00f3.<\/p>\n\n\n\n<p>El presidente municipal Ricardo Lur\u00eda est\u00e1 acusado por las tres agencias municipales de no otorgarles los recursos presupuestales; fue desconocido por las autoridades estatales, sin embargo, despacha desde la ciudad de Oaxaca, seg\u00fan denunciaron.<\/p>\n\n\n\n<figure class=\"wp-block-embed-twitter wp-block-embed is-type-rich is-provider-twitter\"><div class=\"wp-block-embed__wrapper\">\n<div class=\"twitter-tweet\"><blockquote class=\"twitter-tweet\" data-lang=\"es\"><p lang=\"es\" dir=\"ltr\"><a href=\"https:\/\/twitter.com\/hashtag\/OaxacaRojo?src=hash&amp;ref_src=twsrc%5Etfw\">#OaxacaRojo<\/a><br>Despu\u00e9s de casi una semana de retenci\u00f3n, anoche pobladores de Santiago Xanica entregaron a la Fiscal\u00eda General de la Rep\u00fablica a Edgar Santiago Fregoso y Carlos Sanchez Ortiz, acusados de homicidio e intento de homicidio. <a href=\"https:\/\/t.co\/A5x3pzkMKz\">pic.twitter.com\/A5x3pzkMKz<\/a><\/p>&mdash; Zona Roja Oaxaca (@MexRoja) <a href=\"https:\/\/twitter.com\/MexRoja\/status\/1177965203335585796?ref_src=twsrc%5Etfw\">28 de septiembre de 2019<\/a><\/blockquote><\/div>\n<\/div><\/figure>\n","protected":false},"excerpt":{"rendered":"<p>Ismael Garc\u00eda\/Zona Roja. Oaxaca de Ju\u00e1rez, Oax., 28 de septiembre de 2019.- \u201cEl se\u00f1or Ricardo&hellip;<\/p>\n","protected":false},"author":2,"featured_media":4374,"comment_status":"closed","ping_status":"open","sticky":false,"template":"","format":"standard","meta":{"_lmt_disableupdate":"","_lmt_disable":"","_jetpack_memberships_contains_paid_content":false,"footnotes":""},"categories":[109,51],"tags":[783,628],"class_list":["post-4373","post","type-post","status-publish","format-standard","has-post-thumbnail","hentry","category-minuto-a-minuto","category-zona-roja","tag-ricardo-luria-salazar","tag-santiago-xanica"],"jetpack_featured_media_url":"https:\/\/zonaroja.com.mx\/wp-content\/uploads\/2019\/09\/18ebf91c-3bdc-49e3-9ae6-fc4f28eb9107.jpg","jetpack_sharing_enabled":true,"_links":{"self":[{"href":"https:\/\/zonaroja.com.mx\/index.php?rest_route=\/wp\/v2\/posts\/4373","targetHints":{"allow":["GET"]}}],"collection":[{"href":"https:\/\/zonaroja.com.mx\/index.php?rest_route=\/wp\/v2\/posts"}],"about":[{"href":"https:\/\/zonaroja.com.mx\/index.php?rest_route=\/wp\/v2\/types\/post"}],"author":[{"embeddable":true,"href":"https:\/\/zonaroja.com.mx\/index.php?rest_route=\/wp\/v2\/users\/2"}],"replies":[{"embeddable":true,"href":"https:\/\/zonaroja.com.mx\/index.php?rest_route=%2Fwp%2Fv2%2Fcomments&post=4373"}],"version-history":[{"count":1,"href":"https:\/\/zonaroja.com.mx\/index.php?rest_route=\/wp\/v2\/posts\/4373\/revisions"}],"predecessor-version":[{"id":4375,"href":"https:\/\/zonaroja.com.mx\/index.php?rest_route=\/wp\/v2\/posts\/4373\/revisions\/4375"}],"wp:featuredmedia":[{"embeddable":true,"href":"https:\/\/zonaroja.com.mx\/index.php?rest_route=\/wp\/v2\/media\/4374"}],"wp:attachment":[{"href":"https:\/\/zonaroja.com.mx\/index.php?rest_route=%2Fwp%2Fv2%2Fmedia&parent=4373"}],"wp:term":[{"taxonomy":"category","embeddable":true,"href":"https:\/\/zonaroja.com.mx\/index.php?rest_route=%2Fwp%2Fv2%2Fcategories&post=4373"},{"taxonomy":"post_tag","embeddable":true,"href":"https:\/\/zonaroja.com.mx\/index.php?rest_route=%2Fwp%2Fv2%2Ftags&post=4373"}],"curies":[{"name":"wp","href":"https:\/\/api.w.org\/{rel}","templated":true}]}}