{"id":43732,"date":"2022-07-20T19:06:35","date_gmt":"2022-07-21T00:06:35","guid":{"rendered":"http:\/\/www.zonaroja.com.mx\/?p=43732"},"modified":"2022-07-20T19:06:37","modified_gmt":"2022-07-21T00:06:37","slug":"oaxaca-de-guelaguetza-a-guerraguetza-por-tantos-bloqueos","status":"publish","type":"post","link":"https:\/\/zonaroja.com.mx\/?p=43732","title":{"rendered":"Oaxaca: de Guelaguetza a \u201cguerraguetza\u201d, por tantos bloqueos"},"content":{"rendered":"\n<p>Yuridiana Sosa\/Zona Roja.<\/p>\n\n\n\n<p>Oaxaca de Ju\u00e1rez, Oax., 20 de julio de 2022.- Por en\u00e9sima ocasi\u00f3n, una serie de bloqueos estallaron en Oaxaca, a cinco d\u00edas del primer Lunes del Cerro de la Guelaguetza, por parte de pobladores, organizaciones y hasta de turistas.<\/p>\n\n\n\n<p>La mayor\u00eda de las afectaciones se concentra en los accesos a la carretera al cerro del \u201cFort\u00edn\u201d, donde adem\u00e1s ya est\u00e1n cerradas las puertas al auditorio sede del m\u00e1ximo encuentro de delegaciones.<\/p>\n\n\n\n<p>Las organizaciones aplicaron \u201cmadruguete\u201d a la Secretar\u00eda General de Gobierno para iniciar desde las primeras horas del d\u00eda sus movilizaciones.<\/p>\n\n\n\n<p>Antes de salir el sol, alrededor de las 6:00 horas, el Consejo Ind\u00edgena Popular de Oaxaca \u201cRicardo Flores Mag\u00f3n\u201d (Cipo-RFM) instal\u00f3 un bloqueo sobre la avenida L\u00e1zaro C\u00e1rdenas, frente al Centro Cultural y de Convenciones de Oaxaca, en el municipio de Santa Luc\u00eda del Camino.<\/p>\n\n\n\n<p>De forma separada, pero como parte del mismo movimiento representado en la Asamblea de Pueblos en Defensa del Territorio, la Educaci\u00f3n P\u00fablica, Gratuita y los Derechos Humanos, diversas organizaciones cerraron la carretera federal 190 en inmediaciones del cerro del \u201cFort\u00edn\u201d, donde se ubica el auditorio Guelaguetza.<\/p>\n\n\n\n<p>Entre las organizaciones se encontr\u00f3 el Comit\u00e9 de Defensa Ciudadana (Codeci), que desde Tuxtepec en la Cuenca, se movilizaron la noche de este martes; as\u00ed como el Consejo De Organizaciones Ind\u00edgenas y Populares de Oaxaca (Coipo), las cuales impidieron el paso en ambos sentidos al Cerro.<\/p>\n\n\n\n<p>Al paso de las primeras horas de manifestaci\u00f3n extendieron su bloqueo a otras calles aleda\u00f1as al Cerro del Fort\u00edn, afectando la circulaci\u00f3n para la zona del Centro Hist\u00f3rico y colonias en la zona norte de la capital.<\/p>\n\n\n\n<p>Para impedir el paso de motociclistas por la zona, los manifestantes amedrentaron a los ciudadanos portando machetes y resorteras.<\/p>\n\n\n\n<p>El grupo de inconformes exige, supuestamente, justicia por hechos violentos contra sus integrantes; justicia social por rezago y pobreza en comunidades y falta de cumplimiento a acuerdos pactados con el gobierno estatal.<\/p>\n\n\n\n<p>TAMBI\u00c9N AYUNTAMIENTO<\/p>\n\n\n\n<p>La protesta se intensific\u00f3 antes del mediod\u00eda con el arribo de integrantes de la organizaci\u00f3n Frente Popular \u201c14 de Junio\u201d, sobre la misma vialidad, pero cerrando otras calles colindantes con el centro de la capital, esto como medida de presi\u00f3n al gobierno municipal de Oaxaca de Ju\u00e1rez para que les conceda espacios en la v\u00eda p\u00fablica para instalar puestos.<\/p>\n\n\n\n<p>De forma violenta retuvieron unidades del transporte p\u00fablico para cerrar el paso.<\/p>\n\n\n\n<p>Mientras que otro grupo de esta organizaci\u00f3n se dirigi\u00f3 a palacio municipal para exigir un encuentro con el edil, Francisco Mart\u00ednez Neri, sin embargo, al encontrar obstrucci\u00f3n por un grupo de polic\u00edas municipales en el acceso del recinto, los manifestantes se organizaron para ingresar por la fuerza para ser escuchados por la autoridad municipal.<\/p>\n\n\n\n<p>A todas estas quejas, se sum\u00f3 la de un grupo de turistas que denunciaron fraude en la venta de boletos para el espect\u00e1culo de la Guelaguetza en el auditorio del cerro del Fort\u00edn.<\/p>\n\n\n\n<p>OTROS PUNTOS<\/p>\n\n\n\n<p>En el municipio de Tlalixtac de Cabrera tambi\u00e9n se registraron protestas en el complejo de Ciudad Administrativa y vialidades.<\/p>\n\n\n\n<p>Otro grupo de organizaciones, como son Movimiento campesino Plan de Ayala Siglo XXI, y Coordinadora Nacional Plan de Ayala, cerraron los accesos del espacio gubernamental para exigir una mesa de di\u00e1logo con la Secretar\u00eda General de Gobierno (Segego).<\/p>\n\n\n\n<p>A la jornada, se sumaron autoridades y habitantes del ayuntamiento de Tlalixtac de Cabrera por el incumplimiento de obras para la comunidad por parte de Segego.<\/p>\n\n\n\n<p>De forma breve, con el uso de camiones tipo volteo los pobladores cerraron la carretera federal 190 frente Ciudad Administrativa, mientras que una comisi\u00f3n era recibida por la dependencia.<\/p>\n\n\n\n<p>REGIONES<\/p>\n\n\n\n<p>Pese a ser un delito, organizaciones en Oaxaca siguen apoder\u00e1ndose de las casetas de peaje.<\/p>\n\n\n\n<p>Este mi\u00e9rcoles la Uni\u00f3n de Bienestar Social de la Regi\u00f3n Triqui (Ubisor) &nbsp;\u201ctom\u00f3\u201d la caseta de peaje de Huitzo en la s\u00faper carretera Oaxaca \u2013 M\u00e9xico, y pidi\u00f3 cooperaci\u00f3n de los automovilistas.<\/p>\n\n\n\n<p>Por otra parte, en la Costa, &nbsp;por segundo d\u00eda consecutivo pobladores de Santa Catarina Juquila instalaron el bloqueo en carretero en el tramo Juquila &#8211; R\u00edo Grande, para exigir el esclarecimiento de recursos de la autoridad municipal, principalmente del presupuesto enviado por el gobierno federal por los da\u00f1os del hurac\u00e1n \u201cAgatha\u201d.<\/p>\n","protected":false},"excerpt":{"rendered":"<p>Yuridiana Sosa\/Zona Roja. Oaxaca de Ju\u00e1rez, Oax., 20 de julio de 2022.- Por en\u00e9sima ocasi\u00f3n,&hellip;<\/p>\n","protected":false},"author":2,"featured_media":43733,"comment_status":"closed","ping_status":"open","sticky":false,"template":"","format":"standard","meta":{"_lmt_disableupdate":"","_lmt_disable":"","_jetpack_memberships_contains_paid_content":false,"footnotes":""},"categories":[109,47],"tags":[2264],"class_list":["post-43732","post","type-post","status-publish","format-standard","has-post-thumbnail","hentry","category-minuto-a-minuto","category-zona-gris","tag-bloqueos-y-protestas-oaxaca"],"jetpack_featured_media_url":"https:\/\/zonaroja.com.mx\/wp-content\/uploads\/2022\/07\/Bloqueos-cerro-del-Fortin-Oaxaca.jpg","jetpack_sharing_enabled":true,"_links":{"self":[{"href":"https:\/\/zonaroja.com.mx\/index.php?rest_route=\/wp\/v2\/posts\/43732","targetHints":{"allow":["GET"]}}],"collection":[{"href":"https:\/\/zonaroja.com.mx\/index.php?rest_route=\/wp\/v2\/posts"}],"about":[{"href":"https:\/\/zonaroja.com.mx\/index.php?rest_route=\/wp\/v2\/types\/post"}],"author":[{"embeddable":true,"href":"https:\/\/zonaroja.com.mx\/index.php?rest_route=\/wp\/v2\/users\/2"}],"replies":[{"embeddable":true,"href":"https:\/\/zonaroja.com.mx\/index.php?rest_route=%2Fwp%2Fv2%2Fcomments&post=43732"}],"version-history":[{"count":1,"href":"https:\/\/zonaroja.com.mx\/index.php?rest_route=\/wp\/v2\/posts\/43732\/revisions"}],"predecessor-version":[{"id":43734,"href":"https:\/\/zonaroja.com.mx\/index.php?rest_route=\/wp\/v2\/posts\/43732\/revisions\/43734"}],"wp:featuredmedia":[{"embeddable":true,"href":"https:\/\/zonaroja.com.mx\/index.php?rest_route=\/wp\/v2\/media\/43733"}],"wp:attachment":[{"href":"https:\/\/zonaroja.com.mx\/index.php?rest_route=%2Fwp%2Fv2%2Fmedia&parent=43732"}],"wp:term":[{"taxonomy":"category","embeddable":true,"href":"https:\/\/zonaroja.com.mx\/index.php?rest_route=%2Fwp%2Fv2%2Fcategories&post=43732"},{"taxonomy":"post_tag","embeddable":true,"href":"https:\/\/zonaroja.com.mx\/index.php?rest_route=%2Fwp%2Fv2%2Ftags&post=43732"}],"curies":[{"name":"wp","href":"https:\/\/api.w.org\/{rel}","templated":true}]}}