{"id":43738,"date":"2022-07-20T21:12:13","date_gmt":"2022-07-21T02:12:13","guid":{"rendered":"http:\/\/www.zonaroja.com.mx\/?p=43738"},"modified":"2022-07-20T21:12:15","modified_gmt":"2022-07-21T02:12:15","slug":"confirma-sala-superior-del-tepjf-violencia-de-genero-de-edil-de-chazumba-oaxaca","status":"publish","type":"post","link":"https:\/\/zonaroja.com.mx\/?p=43738","title":{"rendered":"Confirma Sala Superior del TEPJF violencia de g\u00e9nero de edil de Chazumba, Oaxaca"},"content":{"rendered":"\n<p>Redacci\u00f3n\/Zona Roja.<\/p>\n\n\n\n<p>Oaxaca de Ju\u00e1rez, Oax., 20 de julio de 2022.- El pleno de la Sala Superior del Tribunal Electoral del Poder Judicial de la Federaci\u00f3n (TEPJF), confirm\u00f3 por mayor\u00eda de votos \u2013con el voto de calidad del magistrado presidente Reyes Rodr\u00edguez Mondrag\u00f3n\u2013 y los votos en contra de la magistrada M\u00f3nica Aral\u00ed Soto Fregoso y de los magistrados Felipe Alfredo Fuentes Barrera y Jos\u00e9 Luis Vargas Valdez, la sentencia emitida por la Sala Regional Xalapa relacionada con violencia pol\u00edtica por raz\u00f3n de g\u00e9nero en contra de tres integrantes del ayuntamiento de Villa Santiago Chazumba, Oaxaca.<br>Dos regidoras y una s\u00edndica municipal denunciaron al presidente municipal de Villa Santiago Chazumba, entre otras cuestiones, por la negativa de convocarlas a reuniones de trabajo y no permitirles el acceso al palacio municipal, as\u00ed como por la emisi\u00f3n de expresiones que constitu\u00edan violencia pol\u00edtica por raz\u00f3n de g\u00e9nero en su contra.<br>El Tribunal Electoral del Estado de Oaxaca (TEEO) determin\u00f3 que existi\u00f3 violencia pol\u00edtica por raz\u00f3n de g\u00e9nero, puesto que las expresiones realizadas por el presidente municipal no s\u00f3lo fueron de car\u00e1cter verbal, sino tambi\u00e9n psicol\u00f3gico; asimismo, se suscitaron de manera previa al ocupar el cargo y posterior a la toma de protesta de las denunciantes.<br>Posteriormente, la Sala Regional Xalapa revoc\u00f3 la resoluci\u00f3n del TEEO y orden\u00f3 la reposici\u00f3n de los juicios locales, al considerar que hubo un desequilibrio procesal injustificado porque no se le inform\u00f3 al presidente municipal denunciado sobre la aplicaci\u00f3n de la reversi\u00f3n de la carga de la prueba, al tratarse de un caso vinculado con violencia pol\u00edtica por raz\u00f3n de g\u00e9nero.<br>Inconforme con esta decisi\u00f3n, las denunciantes promovieron un recurso de reconsideraci\u00f3n. En sesi\u00f3n p\u00fablica por videoconferencia, el proyecto presentado por la magistrada M\u00f3nica Aral\u00ed Soto Fregoso de revocar la sentencia impugnada fue rechazado.<br>En ese sentido, el magistrado Indalfer Infante Gonzales fue el encargado de hacer el engrose respectivo y la Sala Superior confirm\u00f3 la sentencia de la Sala Xalapa, al coincidir con lo resuelto por esta, con relaci\u00f3n a que la omisi\u00f3n de hacer del conocimiento la aplicaci\u00f3n del principio de reversi\u00f3n de la carga de la prueba al demandado s\u00ed origin\u00f3 una vulneraci\u00f3n al debido proceso. (SUP-REC-200\/2022).<\/p>\n","protected":false},"excerpt":{"rendered":"<p>Redacci\u00f3n\/Zona Roja. Oaxaca de Ju\u00e1rez, Oax., 20 de julio de 2022.- El pleno de la&hellip;<\/p>\n","protected":false},"author":2,"featured_media":43739,"comment_status":"closed","ping_status":"open","sticky":false,"template":"","format":"standard","meta":{"_lmt_disableupdate":"","_lmt_disable":"","_jetpack_memberships_contains_paid_content":false,"footnotes":""},"categories":[109,47],"tags":[3184],"class_list":["post-43738","post","type-post","status-publish","format-standard","has-post-thumbnail","hentry","category-minuto-a-minuto","category-zona-gris","tag-santiago-chazumba"],"jetpack_featured_media_url":"https:\/\/zonaroja.com.mx\/wp-content\/uploads\/2022\/07\/Santiago-Chazumba.webp","jetpack_sharing_enabled":true,"_links":{"self":[{"href":"https:\/\/zonaroja.com.mx\/index.php?rest_route=\/wp\/v2\/posts\/43738","targetHints":{"allow":["GET"]}}],"collection":[{"href":"https:\/\/zonaroja.com.mx\/index.php?rest_route=\/wp\/v2\/posts"}],"about":[{"href":"https:\/\/zonaroja.com.mx\/index.php?rest_route=\/wp\/v2\/types\/post"}],"author":[{"embeddable":true,"href":"https:\/\/zonaroja.com.mx\/index.php?rest_route=\/wp\/v2\/users\/2"}],"replies":[{"embeddable":true,"href":"https:\/\/zonaroja.com.mx\/index.php?rest_route=%2Fwp%2Fv2%2Fcomments&post=43738"}],"version-history":[{"count":1,"href":"https:\/\/zonaroja.com.mx\/index.php?rest_route=\/wp\/v2\/posts\/43738\/revisions"}],"predecessor-version":[{"id":43740,"href":"https:\/\/zonaroja.com.mx\/index.php?rest_route=\/wp\/v2\/posts\/43738\/revisions\/43740"}],"wp:featuredmedia":[{"embeddable":true,"href":"https:\/\/zonaroja.com.mx\/index.php?rest_route=\/wp\/v2\/media\/43739"}],"wp:attachment":[{"href":"https:\/\/zonaroja.com.mx\/index.php?rest_route=%2Fwp%2Fv2%2Fmedia&parent=43738"}],"wp:term":[{"taxonomy":"category","embeddable":true,"href":"https:\/\/zonaroja.com.mx\/index.php?rest_route=%2Fwp%2Fv2%2Fcategories&post=43738"},{"taxonomy":"post_tag","embeddable":true,"href":"https:\/\/zonaroja.com.mx\/index.php?rest_route=%2Fwp%2Fv2%2Ftags&post=43738"}],"curies":[{"name":"wp","href":"https:\/\/api.w.org\/{rel}","templated":true}]}}