{"id":43741,"date":"2022-07-20T22:35:47","date_gmt":"2022-07-21T03:35:47","guid":{"rendered":"http:\/\/www.zonaroja.com.mx\/?p=43741"},"modified":"2022-07-20T22:56:23","modified_gmt":"2022-07-21T03:56:23","slug":"los-yerros-de-mariana-y-los-apuros-de-laura","status":"publish","type":"post","link":"https:\/\/zonaroja.com.mx\/?p=43741","title":{"rendered":"Los yerros de Mariana y los apuros de Laura"},"content":{"rendered":"\n<p>Ismael Garc\u00eda M.\/Zona Roja.<\/p>\n\n\n\n<p>Oaxaca de Ju\u00e1rez, Oax., 20 de julio de 2022.- El mi\u00e9rcoles de sesi\u00f3n no fue buen d\u00eda para las representantes del Congreso del Estado de Oaxaca.<\/p>\n\n\n\n<p>Mariana Ben\u00edtez Tiburcio por yerros en la votaci\u00f3n de un Punto de Acuerdo de morenistas sobre la problem\u00e1tica de la basura, que prolong\u00f3 una discusi\u00f3n y al final qued\u00f3 como se plante\u00f3 inicialmente.<\/p>\n\n\n\n<p>Laura Estrada Maura, que sufri\u00f3 para que el sencillo planteamiento fuera aprobado, tras puntillosas observaciones de cuatro de los cinco morenistas de la fracci\u00f3n de la Cuarta Transformaci\u00f3n, y aprovechando las confusiones de Ben\u00edtez Tiburcio.&nbsp;<\/p>\n\n\n\n<p>La jornada legislativa comenz\u00f3 tarde, como ya es costumbre. A las 13:05 horas; la \u00faltima en llegar al sal\u00f3n de sesiones, precisamente la presidenta de la Mesa Directiva, al cuarto para la una.<\/p>\n\n\n\n<p>A la hora citada, las 11:00, ni un alma. Los primeros en llegar, Concepci\u00f3n Rueda G\u00f3mez y C\u00e9sar Mateos Ben\u00edtez. Poco a poco se fue llenando el \u00e1rea del pleno, pero m\u00e1s de gente ajena, que de diputados.<\/p>\n\n\n\n<p>Barullo, \u201cselfies\u201d y otra vez ingreso con aires de triunfo por parte de Alejandro Avil\u00e9s, a las 12:36, que salud\u00f3 de mano a varios de sus compa\u00f1eros y despu\u00e9s pos\u00f3 para la foto, una y otra vez.<\/p>\n\n\n\n<p>Incluso una m\u00e1s, con legisladores opositores a Morena. \u201c\u00a1Cony, \u2018Rayo\u2019 (C\u00e9sar Mateos), vengan para la foto!\u201d, el llamado del ex candidato a gobernador a los opositores a Laura Estrada. Pero Avil\u00e9s s\u00f3lo estaba unos minutos en la sesi\u00f3n, y se ausentaba a cada rato.<\/p>\n\n\n\n<p>Tres momentos dif\u00edciles y chuscos tuvo Mariana Ben\u00edtez.&nbsp; El primero cuando en tribuna, pas\u00f3 y pos\u00f3 por su propuesta sobre la violencia de g\u00e9nero, su tema recurrente.&nbsp;<\/p>\n\n\n\n<p>\u201c\u2026 el mismo derecho tienen de emborracharse los hombres que las mujeres, pero la \u00fanica diferencia es que los hombres si se emborrachan no los violan, y a las mujeres s\u00ed\u201d.<\/p>\n\n\n\n<p>La reacci\u00f3n vino de inmediato desde tribuna y desde el pleno. \u201c\u00a1A los hombres s\u00ed los violan!\u201d.<\/p>\n\n\n\n<p>\u201cAh bueno, pues entonces que vayan y presenten su denuncia\u201d, devolvi\u00f3 la presidenta de la Mesa Directiva, que adem\u00e1s fue reconvenida por su compa\u00f1era al pasarse del tiempo m\u00e1ximo permitido en su exposici\u00f3n.<\/p>\n\n\n\n<p>Luego, cuando por un planteamiento pas\u00f3 Horacio Sosa tribuna, a quien dijo: diputado de Morena; de la fracci\u00f3n de la Cuarta Transformaci\u00f3n, precis\u00f3 el legislador, lo que gener\u00f3 risas.<\/p>\n\n\n\n<p>Y las confusiones tras una sencilla propuesta de Punto de Acuerdo de Morena, le\u00eddo por Luis Alfonso Silva, que deriv\u00f3 en al menos 10 intervenciones.&nbsp;<\/p>\n\n\n\n<p>Precisamente los m\u00e1s quejosos, cuatro de los cinco integrantes de la fracci\u00f3n de la Cuarta Transformaci\u00f3n.<\/p>\n\n\n\n<p>Principalmente por dar lata a la presidenta de la Junta de Coordinaci\u00f3n Pol\u00edtica, que imp\u00e1vida s\u00f3lo ve\u00eda los suaves reclamos y oposiciones de sus ex compa\u00f1eros morenistas.<\/p>\n\n\n\n<p>Mariana volteaba de un lado a otro; muchas peticiones de tomar la palabra; muchos enredos.<\/p>\n\n\n\n<p>Laura Estrada sufr\u00eda. S\u00f3lo atinaba a mover la cabeza, buscar a algunos aliados que la apoyaran. <\/p>\n\n\n\n<p>Extra\u00f1a discusi\u00f3n porque todos estaban de acuerdo en el exhorto a las autoridades estatales y municipales para atender la problem\u00e1tica de la basura.<\/p>\n\n\n\n<p>Melina Hern\u00e1ndez, C\u00e9sar Mateos, Horacio Sosa, puntillosos, acuciosos, para sacar de sus casillas a Laura Estrada. La oposici\u00f3n en el tema: a que se cerrara ya el tiradero.<\/p>\n\n\n\n<p>Mariana Ben\u00edtez estuvo a punto de leer de nuevo la propuesta original, pero le precisaron que ya le hab\u00eda dado lectura Silva Romo. Los reclamos se intensificaron porque en la tableta no estaba el documento a discusi\u00f3n.<\/p>\n\n\n\n<p>Plante\u00f3 entonces dos propuestas ajenas, con los agregados de los diputados que hablaron;  pero le reprocharon. <\/p>\n\n\n\n<p>De nuevo someti\u00f3 a votaci\u00f3n para ver qu\u00e9 propuesta votaban: la original de Morena o la de los a\u00f1adidos. Muchas voces de nuevo. <\/p>\n\n\n\n<p>Pero ante tanta confusi\u00f3n, la presidenta de la Mesa Directiva dio como v\u00e1lida la propuesta original, con 27 votos, cuando apenas se hab\u00eda preguntado por cu\u00e1l se optar\u00eda votar. <\/p>\n\n\n\n<p>As\u00ed, opt\u00f3 por seguir el orden del d\u00eda, de una sesi\u00f3n que dur\u00f3 alrededor de cuatro horas, sin mayores reformas legislativas de inter\u00e9s social.<\/p>\n","protected":false},"excerpt":{"rendered":"<p>Ismael Garc\u00eda M.\/Zona Roja. Oaxaca de Ju\u00e1rez, Oax., 20 de julio de 2022.- El mi\u00e9rcoles&hellip;<\/p>\n","protected":false},"author":2,"featured_media":43742,"comment_status":"closed","ping_status":"open","sticky":false,"template":"","format":"standard","meta":{"_lmt_disableupdate":"","_lmt_disable":"","_jetpack_memberships_contains_paid_content":false,"footnotes":""},"categories":[109,46],"tags":[2743],"class_list":["post-43741","post","type-post","status-publish","format-standard","has-post-thumbnail","hentry","category-minuto-a-minuto","category-zona-blanca","tag-65-legislatura-del-estado-de-oaxaca"],"jetpack_featured_media_url":"https:\/\/zonaroja.com.mx\/wp-content\/uploads\/2022\/07\/Sesion-Congreso-cronica.jpg","jetpack_sharing_enabled":true,"_links":{"self":[{"href":"https:\/\/zonaroja.com.mx\/index.php?rest_route=\/wp\/v2\/posts\/43741","targetHints":{"allow":["GET"]}}],"collection":[{"href":"https:\/\/zonaroja.com.mx\/index.php?rest_route=\/wp\/v2\/posts"}],"about":[{"href":"https:\/\/zonaroja.com.mx\/index.php?rest_route=\/wp\/v2\/types\/post"}],"author":[{"embeddable":true,"href":"https:\/\/zonaroja.com.mx\/index.php?rest_route=\/wp\/v2\/users\/2"}],"replies":[{"embeddable":true,"href":"https:\/\/zonaroja.com.mx\/index.php?rest_route=%2Fwp%2Fv2%2Fcomments&post=43741"}],"version-history":[{"count":2,"href":"https:\/\/zonaroja.com.mx\/index.php?rest_route=\/wp\/v2\/posts\/43741\/revisions"}],"predecessor-version":[{"id":43744,"href":"https:\/\/zonaroja.com.mx\/index.php?rest_route=\/wp\/v2\/posts\/43741\/revisions\/43744"}],"wp:featuredmedia":[{"embeddable":true,"href":"https:\/\/zonaroja.com.mx\/index.php?rest_route=\/wp\/v2\/media\/43742"}],"wp:attachment":[{"href":"https:\/\/zonaroja.com.mx\/index.php?rest_route=%2Fwp%2Fv2%2Fmedia&parent=43741"}],"wp:term":[{"taxonomy":"category","embeddable":true,"href":"https:\/\/zonaroja.com.mx\/index.php?rest_route=%2Fwp%2Fv2%2Fcategories&post=43741"},{"taxonomy":"post_tag","embeddable":true,"href":"https:\/\/zonaroja.com.mx\/index.php?rest_route=%2Fwp%2Fv2%2Ftags&post=43741"}],"curies":[{"name":"wp","href":"https:\/\/api.w.org\/{rel}","templated":true}]}}