{"id":43745,"date":"2022-07-21T09:33:00","date_gmt":"2022-07-21T14:33:00","guid":{"rendered":"http:\/\/www.zonaroja.com.mx\/?p=43745"},"modified":"2022-07-21T06:35:55","modified_gmt":"2022-07-21T11:35:55","slug":"impulsan-campana-para-promover-respeto-a-derechos-de-pueblos-indigenas-y-afro","status":"publish","type":"post","link":"https:\/\/zonaroja.com.mx\/?p=43745","title":{"rendered":"Impulsan campa\u00f1a para promover respeto a derechos de pueblos ind\u00edgenas y afro"},"content":{"rendered":"\n<p>Redacci\u00f3n\/Zona Roja.<\/p>\n\n\n\n<p>Oaxaca de Ju\u00e1rez, Oax., 21 de julio de 2022.- &nbsp;Ante una realidad&nbsp;de atropellos, despojo&nbsp;y violaci\u00f3n sistem\u00e1tica de derechos&nbsp;colectivos&nbsp;como la libre determinaci\u00f3n, el derecho a la tierra, territorio y recursos o bienes naturales, que&nbsp;viven&nbsp;los pueblos ind\u00edgenas y&nbsp;afromexicano,&nbsp;el&nbsp;Consejo Estatal de Derechos Ind\u00edgenas y&nbsp;Afromexicano&nbsp;de Oaxaca&nbsp;(Cediao)&nbsp;y Servicios del Pueblo Mixe&nbsp;A.C.&nbsp;(SER&nbsp;A.C.)&nbsp;iniciaron&nbsp;una&nbsp;campa\u00f1a de difusi\u00f3n para visibilizar la iniciativa de reforma a los art\u00edculos 16&nbsp;y 20 de la Constituci\u00f3n Pol\u00edtica del Estado de Oaxaca.<\/p>\n\n\n\n<p>A casi un a\u00f1o,&nbsp;y sin respuesta, la iniciativa de reforma presentada al Congreso del Estado de Oaxaca el&nbsp;24 de agosto del 2021&nbsp;plantea&nbsp;el reconocimiento&nbsp;pleno&nbsp;del derecho al territorio, fundamental e indispensable para que se sienten las bases que den sentido y pertinencia al reconocimiento pleno como sujetos colectivos aut\u00f3nomos a los pueblos.&nbsp;<\/p>\n\n\n\n<p>Como lo resalt\u00f3 Esmeralda Arosemena de&nbsp;Troiti\u00f1o, Relatora sobre los Derechos de los Pueblos Ind\u00edgenas y para M\u00e9xico de la Comisi\u00f3n Interamericana de Derechos Humanos (CIDH), en su \u00faltima visita acad\u00e9mica a la ciudad de Oaxaca:<\/p>\n\n\n\n<p>\u201cEl derecho a la libre determinaci\u00f3n es el derecho fundamental, inherente, originario, para que otros derechos puedan ser ejercidos plenamente\u201d; por ello, esta campa\u00f1a busca posicionar la recomendaci\u00f3n que ha hecho este organismo internacional al Estado mexicano de adoptar medidas en todos los \u00e1mbitos para garantizar el goce pleno a nuestros derechos.<\/p>\n\n\n\n<p>El territorio&nbsp;es el pilar m\u00e1s importante para el ejercicio de los derechos colectivos de los pueblos ind\u00edgenas&nbsp;y&nbsp;afromexicano, pues de este depende su conexi\u00f3n con su entorno, condici\u00f3n necesaria para&nbsp;fortalecer&nbsp;su cultura, formas de organizaci\u00f3n tradicionales, espiritualidad, salud, recreaci\u00f3n, conocimiento, integridad y vida misma.<\/p>\n\n\n\n<p>En este proyecto de ley se&nbsp;busca integrar al pueblo afromexicano reconociendo su derecho&nbsp;de libre determinaci\u00f3n y, como una expresi\u00f3n de \u00e9sta, la autonom\u00eda, para determinar libremente su condici\u00f3n pol\u00edtica y proveer asimismo a su desarrollo econ\u00f3mico, social y cultural.<\/p>\n\n\n\n<p>En los cambios a la ley&nbsp;se busca que los pueblos ind\u00edgenas y&nbsp;afromexicano&nbsp;posean, utilicen y controlen&nbsp;sus tierras y territorios, entendidos estos como la totalidad del h\u00e1bitat de las regiones que los pueblos ocupan o utilizan de alguna manera.<\/p>\n\n\n\n<p>La reforma constitucional que se propone contribuye a sentar las bases&nbsp;de una nueva&nbsp;relaci\u00f3n&nbsp;entre&nbsp;de los pueblos y comunidades ind\u00edgenas y&nbsp;afromexicanos&nbsp;con el Estado de Oaxaca,&nbsp;la Federaci\u00f3n y la sociedad en general,&nbsp;permiti\u00e9ndoles&nbsp;coexistir como pueblos hermanos con diversos sistemas culturales&nbsp;y cosmovisi\u00f3n, bajo un renovado pacto constitucional&nbsp;en donde sean respetados plenamente los derechos colectivos.<\/p>\n\n\n\n<p>Tambi\u00e9n se propone en esta ley que se garantice&nbsp;el ejercicio de sus sistemas normativos internos, la jurisdicci\u00f3n que tienen sus autoridades comunitarias en sus territorios y las formas en que las comunidades eligen a sus representantes y autoridades.<\/p>\n\n\n\n<p>La campa\u00f1a&nbsp;enfatiza&nbsp;la&nbsp;gran brecha para la implementaci\u00f3n y respeto al derecho de la libre determinaci\u00f3n y autonom\u00eda de los pueblos ind\u00edgenas&nbsp;y&nbsp;afromexicano, m\u00e1s cuando se trata de derechos territoriales,&nbsp;por&nbsp;los vac\u00edos legales y la falta de armonizaci\u00f3n de la legislaci\u00f3n local, con los Convenios y Tratados Internacionales.<\/p>\n\n\n\n<p>El Cediao&nbsp;tiene el objetivo de&nbsp;ser una instancia de representaci\u00f3n a nivel estatal de los pueblos y comunidades ind\u00edgenas&nbsp;y&nbsp;afromexicanas&nbsp;para la incidencia, defensa y promoci\u00f3n de los derechos colectivos, con base en el an\u00e1lisis de la realidad que viven nuestros pueblos y la violaci\u00f3n de los derechos espec\u00edficos de personas o comunidades, emitiendo recomendaciones y pronunciamientos p\u00fablicos.<\/p>\n\n\n\n<p>(Comunicado)<\/p>\n","protected":false},"excerpt":{"rendered":"<p>Redacci\u00f3n\/Zona Roja. Oaxaca de Ju\u00e1rez, Oax., 21 de julio de 2022.- &nbsp;Ante una realidad&nbsp;de atropellos,&hellip;<\/p>\n","protected":false},"author":2,"featured_media":43746,"comment_status":"closed","ping_status":"open","sticky":false,"template":"","format":"standard","meta":{"_lmt_disableupdate":"","_lmt_disable":"","_jetpack_memberships_contains_paid_content":false,"footnotes":""},"categories":[109,46],"tags":[1432],"class_list":["post-43745","post","type-post","status-publish","format-standard","has-post-thumbnail","hentry","category-minuto-a-minuto","category-zona-blanca","tag-servicios-del-pueblo-mixe-ser"],"jetpack_featured_media_url":"https:\/\/zonaroja.com.mx\/wp-content\/uploads\/2022\/07\/Campana-respeto-derechos-indigenas.jpg","jetpack_sharing_enabled":true,"_links":{"self":[{"href":"https:\/\/zonaroja.com.mx\/index.php?rest_route=\/wp\/v2\/posts\/43745","targetHints":{"allow":["GET"]}}],"collection":[{"href":"https:\/\/zonaroja.com.mx\/index.php?rest_route=\/wp\/v2\/posts"}],"about":[{"href":"https:\/\/zonaroja.com.mx\/index.php?rest_route=\/wp\/v2\/types\/post"}],"author":[{"embeddable":true,"href":"https:\/\/zonaroja.com.mx\/index.php?rest_route=\/wp\/v2\/users\/2"}],"replies":[{"embeddable":true,"href":"https:\/\/zonaroja.com.mx\/index.php?rest_route=%2Fwp%2Fv2%2Fcomments&post=43745"}],"version-history":[{"count":1,"href":"https:\/\/zonaroja.com.mx\/index.php?rest_route=\/wp\/v2\/posts\/43745\/revisions"}],"predecessor-version":[{"id":43747,"href":"https:\/\/zonaroja.com.mx\/index.php?rest_route=\/wp\/v2\/posts\/43745\/revisions\/43747"}],"wp:featuredmedia":[{"embeddable":true,"href":"https:\/\/zonaroja.com.mx\/index.php?rest_route=\/wp\/v2\/media\/43746"}],"wp:attachment":[{"href":"https:\/\/zonaroja.com.mx\/index.php?rest_route=%2Fwp%2Fv2%2Fmedia&parent=43745"}],"wp:term":[{"taxonomy":"category","embeddable":true,"href":"https:\/\/zonaroja.com.mx\/index.php?rest_route=%2Fwp%2Fv2%2Fcategories&post=43745"},{"taxonomy":"post_tag","embeddable":true,"href":"https:\/\/zonaroja.com.mx\/index.php?rest_route=%2Fwp%2Fv2%2Ftags&post=43745"}],"curies":[{"name":"wp","href":"https:\/\/api.w.org\/{rel}","templated":true}]}}