{"id":43754,"date":"2022-07-21T09:31:00","date_gmt":"2022-07-21T14:31:00","guid":{"rendered":"http:\/\/www.zonaroja.com.mx\/?p=43754"},"modified":"2022-07-21T07:33:46","modified_gmt":"2022-07-21T12:33:46","slug":"reclaman-a-salomon-jara-por-reconocer-a-falsa-gobernadora-afro","status":"publish","type":"post","link":"https:\/\/zonaroja.com.mx\/?p=43754","title":{"rendered":"Reclaman a Salom\u00f3n Jara por reconocer a falsa gobernadora afro"},"content":{"rendered":"\n<p>Yuridiana Sosa\/Zona Roja.<\/p>\n\n\n\n<p>Oaxaca de Ju\u00e1rez, Oax., 21 de julio de 2022.- Organizaciones, asociaciones civiles e integrantes de los pueblos y comunidades afromexicanas en Oaxaca, se pronunciaron contra el nombramiento ficticio de Yadira Juana Oliva Bustos como \u201cgobernadora de los pueblos y comunidades afromexicanas o afrodescendientes\u201d y el reconocimiento que le hizo el gobernador electo Salom\u00f3n Jara Cruz.<\/p>\n\n\n\n<p>Por medio de un pronunciamiento colectivo, firmado por m\u00e1s de 82 representaciones, l\u00edderes y lideresas de la comunidad afro de Oaxaca puntualizaron sus razones y demandaron respeto por la historia, los procesos sociales y jur\u00eddicos de representaci\u00f3n pol\u00edtica que se tienen en los pueblos y comunidades afromexicanas.<\/p>\n\n\n\n<p>Esto luego que el pasado 10 de julio, por medio de redes sociales, circul\u00f3 que Salom\u00f3n Jara present\u00f3 a Oliva Bustos como \u201cGobernadora de los pueblos y comunidades afromexicanas o afrodescendientes de Oaxaca\u201d en su gira de agradecimiento por la Costa.<\/p>\n\n\n\n<p>Durante dicho acto tambi\u00e9n estuvieron presentes autoridades municipales de Santiago Pinotepa Nacional, municipio donde Yadira Oliva trabaja en el Sistema DIF.<\/p>\n\n\n\n<p>\u201cRechazamos y desconocemos categ\u00f3ricamente los nombramientos que no emanen desde nuestros pueblos y comunidades afromexicanas. Por ello nos pronunciamos contra todas las formas de lucro pol\u00edtico y econ\u00f3mico de las demandas hist\u00f3ricas de los pueblos afromexicanos\u201d, apuntaron categ\u00f3ricamente las asociaciones.<\/p>\n\n\n\n<p>Precisaron que en los pueblos afromexicanos y poblaci\u00f3n afrodescendiente de M\u00e9xico no existe un esquema jur\u00eddico, sistema normativo o costumbres y tradiciones de representaci\u00f3n que considere el nombramiento de una figura denominada \u00abgobernadora o gobernador\u00bb o \u201cpr\u00edncipe o princesa\u201d.<\/p>\n\n\n\n<p>Ante ese supuesto, se\u00f1alaron que una representaci\u00f3n de esta \u00edndole es \u201cficticia, no existe y nadie puede, ni debe asumirse en nombre de todos los pueblos y comunidades afromexicanas o afrodescendientes a nivel regional, estatal o nacional\u201d.<\/p>\n\n\n\n<p>FOTOS Y RECONOCIMIENTO<\/p>\n\n\n\n<p>Pese a que tras el m\u00e1s reciente evento cobr\u00f3 relevancia la supuesta representaci\u00f3n de Yadira Juana Oliva Bustos, desde meses antes, en la gira de Salom\u00f3n Jara Cruz como candidato a gobernador, el equipo de trabajo del morenista ya la reconoc\u00eda.<\/p>\n\n\n\n<p>Fue el caso del hermano del candidato, Amador Jara Cruz, quien con una foto con Yadira Oliva public\u00f3: \u201cDurante la gira del candidato de Morena a la Gubernatura de Oaxaca, Salom\u00f3n Jara Cruz, salud\u00e9 a Yadira Juana Oliva Bustos, Gobernadora Pluricultural Afrodescendientes de M\u00e9xico-Iguala de la Independencia Estado de Guerrero\u201d, el 1 de mayo de este a\u00f1o.<\/p>\n\n\n\n<p>Y en \u00faltimas fechas, como ocurri\u00f3 el 8 de julio, Salom\u00f3n Jara tambi\u00e9n la reconoci\u00f3 en sus publicaciones.<\/p>\n\n\n\n<p>\u201cDesayunando en Pinotepa Nacional, degustando de la comida t\u00edpica de esta regi\u00f3n, como lo es el vaso relleno y el pan de vida, acompa\u00f1ado de mi amiga gobernadora de los pueblos Afromexicanos, Yadira Juana Oliva Bustos, el presidente municipal, Jos\u00e9 Antonio Marbel y su esposa, tambi\u00e9n me acompa\u00f1an amigas y amigos, y no pod\u00eda faltar mi esposa Irma Bola\u00f1os. \u00a1Bueno provecho!\u201d escribi\u00f3 en su Facebook.<\/p>\n\n\n\n<p>As\u00ed tambi\u00e9n lo hizo el dirigente Estatal del Frente Unido de Comunidades Oaxaque\u00f1as (FUCO), Antonino Molares Toledo, quien precis\u00f3: \u201cDurante la gira de agradecimiento en la costa chica de Oaxaca, salude a la gobernadora de los pueblos Afromexicanos, Yadira Juana Oliva Bustos, con quien espero poder volver a coincidir y trabajar para el bienestar de nuestros pueblos\u201d.<\/p>\n","protected":false},"excerpt":{"rendered":"<p>Yuridiana Sosa\/Zona Roja. Oaxaca de Ju\u00e1rez, Oax., 21 de julio de 2022.- Organizaciones, asociaciones civiles&hellip;<\/p>\n","protected":false},"author":2,"featured_media":43755,"comment_status":"closed","ping_status":"open","sticky":false,"template":"","format":"standard","meta":{"_lmt_disableupdate":"","_lmt_disable":"","_jetpack_memberships_contains_paid_content":false,"footnotes":""},"categories":[109,47],"tags":[939],"class_list":["post-43754","post","type-post","status-publish","format-standard","has-post-thumbnail","hentry","category-minuto-a-minuto","category-zona-gris","tag-salomon-jara-cruz"],"jetpack_featured_media_url":"https:\/\/zonaroja.com.mx\/wp-content\/uploads\/2022\/07\/Salomon-Jara-y-mujeres-afro.jpg","jetpack_sharing_enabled":true,"_links":{"self":[{"href":"https:\/\/zonaroja.com.mx\/index.php?rest_route=\/wp\/v2\/posts\/43754","targetHints":{"allow":["GET"]}}],"collection":[{"href":"https:\/\/zonaroja.com.mx\/index.php?rest_route=\/wp\/v2\/posts"}],"about":[{"href":"https:\/\/zonaroja.com.mx\/index.php?rest_route=\/wp\/v2\/types\/post"}],"author":[{"embeddable":true,"href":"https:\/\/zonaroja.com.mx\/index.php?rest_route=\/wp\/v2\/users\/2"}],"replies":[{"embeddable":true,"href":"https:\/\/zonaroja.com.mx\/index.php?rest_route=%2Fwp%2Fv2%2Fcomments&post=43754"}],"version-history":[{"count":1,"href":"https:\/\/zonaroja.com.mx\/index.php?rest_route=\/wp\/v2\/posts\/43754\/revisions"}],"predecessor-version":[{"id":43756,"href":"https:\/\/zonaroja.com.mx\/index.php?rest_route=\/wp\/v2\/posts\/43754\/revisions\/43756"}],"wp:featuredmedia":[{"embeddable":true,"href":"https:\/\/zonaroja.com.mx\/index.php?rest_route=\/wp\/v2\/media\/43755"}],"wp:attachment":[{"href":"https:\/\/zonaroja.com.mx\/index.php?rest_route=%2Fwp%2Fv2%2Fmedia&parent=43754"}],"wp:term":[{"taxonomy":"category","embeddable":true,"href":"https:\/\/zonaroja.com.mx\/index.php?rest_route=%2Fwp%2Fv2%2Fcategories&post=43754"},{"taxonomy":"post_tag","embeddable":true,"href":"https:\/\/zonaroja.com.mx\/index.php?rest_route=%2Fwp%2Fv2%2Ftags&post=43754"}],"curies":[{"name":"wp","href":"https:\/\/api.w.org\/{rel}","templated":true}]}}