{"id":43760,"date":"2022-07-21T08:23:51","date_gmt":"2022-07-21T13:23:51","guid":{"rendered":"http:\/\/www.zonaroja.com.mx\/?p=43760"},"modified":"2022-07-21T08:23:53","modified_gmt":"2022-07-21T13:23:53","slug":"conflicto-en-atatlahuca-no-cesa-amenazan-otra-vez-a-pobladores-de-guerrero-grande","status":"publish","type":"post","link":"https:\/\/zonaroja.com.mx\/?p=43760","title":{"rendered":"Conflicto en Atatlahuca no cesa: amenazan otra vez a pobladores de Guerrero Grande"},"content":{"rendered":"\n<p>Ismael Garc\u00eda M.\/Zona Roja.<\/p>\n\n\n\n<p>Oaxaca de Ju\u00e1rez, Oax., 21 de julio de 2022.- El edil de San Esteban Atatlahuca, Rogelio Bautista R\u00edos, azuza el conflicto en la comunidad de Guerrero Grande, al pretender ingresar, el pr\u00f3ximo s\u00e1bado 23 de julio, a un grupo de personas que han atacado a pobladores.<\/p>\n\n\n\n<p>As\u00ed lo denunci\u00f3 el Centro de Derechos Humanos y Asesor\u00eda a Pueblos Ind\u00edgenas (Cedhapi), que expuso que el presidente municipal y autoridades auxiliares&nbsp; notificaron por escrito su decisi\u00f3n a la Defensor\u00eda de los Derechos Humanos del Pueblo de Oaxaca (DDHPO).<\/p>\n\n\n\n<p>Sin embargo, las personas que pretenden ingresar son las mismas que participaron en la desaparici\u00f3n de los se\u00f1ores Mayolo Quiroz Barrios, Marco Quiroz Ria\u00f1o, Miguel Bautista Avenda\u00f1o y Donato Bautista Avenda\u00f1o.<\/p>\n\n\n\n<p>Tambi\u00e9n en el &nbsp;homicidio de Jacinto Hern\u00e1ndez Barrios e Isidoro Hern\u00e1ndez as\u00ed como participaron en el saqueo y la quema de m\u00e1s de 100 casas, hechos que fueron efectuados los d\u00edas 21, 22 y 23 octubre del 2021, en las comunidades de Guerrero Grande y Ndoyonoyuji.<\/p>\n\n\n\n<p>El Cedhapi acus\u00f3 que el s\u00e1bado 22 de junio del 2022, siendo aproximadamente a las siete de la noche, varios vecinos del paraje \u201cShini too\u201d que se ubica en la comunidad&nbsp; de Mier y Ter\u00e1n, escucharon varias detonaciones de arma de fuego que proven\u00edan de la comunidad&nbsp; de Ndoyonoyuji, estas detonaciones duraron aproximadamente 20 minutos. &nbsp;<\/p>\n\n\n\n<p>Asimismo, las personas que se encuentran en el albergue ubicado en el Instituto Nacional de los Pueblos Ind\u00edgenas de la Heroica Ciudad de Tlaxiaco, quienes fueron desplazadas de la comunidad&nbsp; de Ndyonoyuji, en diversas ocasiones han visto a personas desconocidas quienes han llegado a ese albergue con la intenci\u00f3n de causarles da\u00f1o.<\/p>\n\n\n\n<p>Record\u00f3 que con fecha 23 de diciembre del 2021, la Comisi\u00f3n Interamericana de Derechos Humanos notific\u00f3 al Estado mexicano la medida cautelar n\u00famero MC-1050-21 a favor de familias de las comunidades ind\u00edgenas de Guerrero Grande y Ndoyonuyuji y otros respecto de M\u00e9xico.<\/p>\n\n\n\n<p>Ante las situaciones descritas, vecinos de la comunidad de Guerrero Grande, de fecha 10 de julio del 2022, determinaron no permitir la entrada de ninguna persona el d\u00eda 23 de julio del 2022, por lo tanto la asamblea general se declara en vigilancia permanente.<\/p>\n\n\n\n<p>El organismo que encabeza Maurilio Santiago Reyes, demand\u00f3 mayor seguridad para los desplazados, atenci\u00f3n a las v\u00edctimas de la violencia y protecci\u00f3n de sus derechos humanos, as\u00ed como respeto a la medida cautelar.<\/p>\n\n\n\n<p>Solicit\u00f3 adem\u00e1s que el Gobierno del Estado de Oaxaca, \u201cdeje de proteger a las autoridades de San Esteban Atatlahuca, por conducto del secretario General de Gobierno, Francisco Javier Garc\u00eda L\u00f3pez y de la Coordinadora para la Atenci\u00f3n de Derechos Humanos Norma Reyes Ter\u00e1n, personas&nbsp; a las que responsabilizamos de cualquier hecho violento que se llegue a dar el d\u00eda s\u00e1bado 23 de julio del 2022\u201d.<\/p>\n","protected":false},"excerpt":{"rendered":"<p>Ismael Garc\u00eda M.\/Zona Roja. Oaxaca de Ju\u00e1rez, Oax., 21 de julio de 2022.- El edil&hellip;<\/p>\n","protected":false},"author":2,"featured_media":34914,"comment_status":"closed","ping_status":"open","sticky":false,"template":"","format":"standard","meta":{"_lmt_disableupdate":"","_lmt_disable":"","_jetpack_memberships_contains_paid_content":false,"footnotes":""},"categories":[109,47],"tags":[1025],"class_list":["post-43760","post","type-post","status-publish","format-standard","has-post-thumbnail","hentry","category-minuto-a-minuto","category-zona-gris","tag-san-esteban-atatlahuca"],"jetpack_featured_media_url":"https:\/\/zonaroja.com.mx\/wp-content\/uploads\/2021\/12\/Guerrero-Grande-Atatlahuca.jpg","jetpack_sharing_enabled":true,"_links":{"self":[{"href":"https:\/\/zonaroja.com.mx\/index.php?rest_route=\/wp\/v2\/posts\/43760","targetHints":{"allow":["GET"]}}],"collection":[{"href":"https:\/\/zonaroja.com.mx\/index.php?rest_route=\/wp\/v2\/posts"}],"about":[{"href":"https:\/\/zonaroja.com.mx\/index.php?rest_route=\/wp\/v2\/types\/post"}],"author":[{"embeddable":true,"href":"https:\/\/zonaroja.com.mx\/index.php?rest_route=\/wp\/v2\/users\/2"}],"replies":[{"embeddable":true,"href":"https:\/\/zonaroja.com.mx\/index.php?rest_route=%2Fwp%2Fv2%2Fcomments&post=43760"}],"version-history":[{"count":1,"href":"https:\/\/zonaroja.com.mx\/index.php?rest_route=\/wp\/v2\/posts\/43760\/revisions"}],"predecessor-version":[{"id":43761,"href":"https:\/\/zonaroja.com.mx\/index.php?rest_route=\/wp\/v2\/posts\/43760\/revisions\/43761"}],"wp:featuredmedia":[{"embeddable":true,"href":"https:\/\/zonaroja.com.mx\/index.php?rest_route=\/wp\/v2\/media\/34914"}],"wp:attachment":[{"href":"https:\/\/zonaroja.com.mx\/index.php?rest_route=%2Fwp%2Fv2%2Fmedia&parent=43760"}],"wp:term":[{"taxonomy":"category","embeddable":true,"href":"https:\/\/zonaroja.com.mx\/index.php?rest_route=%2Fwp%2Fv2%2Fcategories&post=43760"},{"taxonomy":"post_tag","embeddable":true,"href":"https:\/\/zonaroja.com.mx\/index.php?rest_route=%2Fwp%2Fv2%2Ftags&post=43760"}],"curies":[{"name":"wp","href":"https:\/\/api.w.org\/{rel}","templated":true}]}}