{"id":43763,"date":"2022-07-21T15:12:56","date_gmt":"2022-07-21T20:12:56","guid":{"rendered":"https:\/\/www.zonaroja.com.mx\/?p=43763"},"modified":"2022-07-21T15:12:57","modified_gmt":"2022-07-21T20:12:57","slug":"solo-por-unos-minutos-fue-detenido-militante-del-pt-lo-liberaron-para-dialogar","status":"publish","type":"post","link":"https:\/\/zonaroja.com.mx\/?p=43763","title":{"rendered":"S\u00f3lo por unos minutos fue detenido militante del PT; lo liberaron \u201cpara dialogar\u201d"},"content":{"rendered":"\n<p>Ismael Garc\u00eda M.\/Zona Roja.&nbsp;<\/p>\n\n\n\n<p>Oaxaca de Ju\u00e1rez, Oax., 21 de julio de 2022.- Tras unos minutos de su detenci\u00f3n y llamada del dirigente nacional del Partido del Trabajo, fue puesto en libertad David Ju\u00e1rez L\u00f3pez, militante del PT en la entidad.&nbsp;<\/p>\n\n\n\n<p>Alrededor de las 10:00 horas, el representante de la organizaci\u00f3n Coordinadora Nacional Plan de Ayala (CNPA) bloqueaba con sus allegados el cruce de la avenida Ju\u00e1rez con la calzada H\u00e9roes de Chapultepec.&nbsp;<\/p>\n\n\n\n<p>Sin embargo, de inmediato arrib\u00f3 un grupo de la Polic\u00eda Estatal de Oaxaca y detuvo Ju\u00e1rez L\u00f3pez, quien ser\u00eda trasladado al cuartel de la Secretar\u00eda de Seguridad P\u00fablica (SSPO).<\/p>\n\n\n\n<p>Pero tras una llamada del dirigente nacional del PT, Jos\u00e9 Narro, a la Secretar\u00eda General de Gobierno (Segego), fue puesto en libertad de inmediato y llevado a una mesa de di\u00e1logo.&nbsp;<\/p>\n\n\n\n<p>Tanto la detenci\u00f3n como la presencia en la mesa de negociaci\u00f3n de David Ju\u00e1rez fue confirmada por la titular de la SSPO, Dalia Ba\u00f1os Noyola, durante una entrevista colectiva.&nbsp;<\/p>\n\n\n\n<p>Asimismo, adelant\u00f3 que las dem\u00e1s organizaciones sociales est\u00e1n siendo atendidas, por lo cual ser\u00edan retirados los dem\u00e1s bloqueos.<\/p>\n\n\n\n<p>En el caso del Consejo Ind\u00edgena Popular de Oaxaca, se repleg\u00f3 en la avenida L\u00e1zaro C\u00e1rdenas de Santa Luc\u00eda del Camino y despej\u00f3 la vialidad, cerrada desde ayer.<\/p>\n\n\n\n<p>Mientras que las organizaciones sociales que ten\u00edan cerrado los accesos al cerro del \u201cFort\u00edn\u201d tambi\u00e9n se est\u00e1n retirando. <\/p>\n","protected":false},"excerpt":{"rendered":"<p>Ismael Garc\u00eda M.\/Zona Roja.&nbsp; Oaxaca de Ju\u00e1rez, Oax., 21 de julio de 2022.- Tras unos&hellip;<\/p>\n","protected":false},"author":2,"featured_media":43762,"comment_status":"closed","ping_status":"open","sticky":false,"template":"","format":"standard","meta":{"_lmt_disableupdate":"","_lmt_disable":"","_jetpack_memberships_contains_paid_content":false,"footnotes":""},"categories":[109,47],"tags":[],"class_list":["post-43763","post","type-post","status-publish","format-standard","has-post-thumbnail","hentry","category-minuto-a-minuto","category-zona-gris"],"jetpack_featured_media_url":"https:\/\/zonaroja.com.mx\/wp-content\/uploads\/2022\/07\/66a4a90d-7ab5-4cfa-9a0d-0d7fd5d63289.jpg","jetpack_sharing_enabled":true,"_links":{"self":[{"href":"https:\/\/zonaroja.com.mx\/index.php?rest_route=\/wp\/v2\/posts\/43763","targetHints":{"allow":["GET"]}}],"collection":[{"href":"https:\/\/zonaroja.com.mx\/index.php?rest_route=\/wp\/v2\/posts"}],"about":[{"href":"https:\/\/zonaroja.com.mx\/index.php?rest_route=\/wp\/v2\/types\/post"}],"author":[{"embeddable":true,"href":"https:\/\/zonaroja.com.mx\/index.php?rest_route=\/wp\/v2\/users\/2"}],"replies":[{"embeddable":true,"href":"https:\/\/zonaroja.com.mx\/index.php?rest_route=%2Fwp%2Fv2%2Fcomments&post=43763"}],"version-history":[{"count":1,"href":"https:\/\/zonaroja.com.mx\/index.php?rest_route=\/wp\/v2\/posts\/43763\/revisions"}],"predecessor-version":[{"id":43764,"href":"https:\/\/zonaroja.com.mx\/index.php?rest_route=\/wp\/v2\/posts\/43763\/revisions\/43764"}],"wp:featuredmedia":[{"embeddable":true,"href":"https:\/\/zonaroja.com.mx\/index.php?rest_route=\/wp\/v2\/media\/43762"}],"wp:attachment":[{"href":"https:\/\/zonaroja.com.mx\/index.php?rest_route=%2Fwp%2Fv2%2Fmedia&parent=43763"}],"wp:term":[{"taxonomy":"category","embeddable":true,"href":"https:\/\/zonaroja.com.mx\/index.php?rest_route=%2Fwp%2Fv2%2Fcategories&post=43763"},{"taxonomy":"post_tag","embeddable":true,"href":"https:\/\/zonaroja.com.mx\/index.php?rest_route=%2Fwp%2Fv2%2Ftags&post=43763"}],"curies":[{"name":"wp","href":"https:\/\/api.w.org\/{rel}","templated":true}]}}