{"id":43767,"date":"2022-07-21T20:51:41","date_gmt":"2022-07-22T01:51:41","guid":{"rendered":"http:\/\/www.zonaroja.com.mx\/?p=43767"},"modified":"2022-07-21T20:51:42","modified_gmt":"2022-07-22T01:51:42","slug":"se-ausenta-de-nuevo-martinez-neri-en-cabildo-aprueban-mas-puestos-ambulantes","status":"publish","type":"post","link":"https:\/\/zonaroja.com.mx\/?p=43767","title":{"rendered":"Se ausenta de nuevo Mart\u00ednez Neri en Cabildo; aprueban m\u00e1s puestos ambulantes"},"content":{"rendered":"\n<p>Yuridiana Sosa\/Zona Roja.<\/p>\n\n\n\n<p>Oaxaca de Ju\u00e1rez, Oax. 21 de julio de 2022.- Por tercera ocasi\u00f3n en menos de un mes, el presidente municipal de Oaxaca de Ju\u00e1rez, Francisco Mart\u00ednez Neri, se ausent\u00f3 de la sesi\u00f3n ordinaria de Cabildo y una extraordinaria, este jueves.<\/p>\n\n\n\n<p>En la segunda asamblea, los concejales aprobaron la instalaci\u00f3n de puestos a favor de 59 personas que as\u00ed lo solicitaron en el marco de la celebraci\u00f3n de \u201cDonaj\u00ed la Leyenda\u201d y la Guelaguetza, para los d\u00edas 24 y 25 de julio, as\u00ed como para el 31 de julio y 1 agosto de este a\u00f1o.&nbsp;<\/p>\n\n\n\n<p>En la reuni\u00f3n ordinaria, regidores y regidoras de Morena rechazaron la aprobaci\u00f3n de una campa\u00f1a de salud de forma gratuita que propuso en Punto de Acuerdo el regidor de Salud Sanidad y Asistencia Social, Pablo Alberto Ram\u00edrez Puga Dom\u00ednguez, por considerarlo inapropiado.<\/p>\n\n\n\n<p>El bloque de concejales morenistas se abstuvo de votar la iniciativa por la que se propuso la firma de un convenio de colaboraci\u00f3n entre el ayuntamiento de Oaxaca de Ju\u00e1rez con el Sindicato Independiente de Trabajadores y Profesionales en Salud (Sityos), de los Servicios de Salud de Oaxaca (SSO).<\/p>\n\n\n\n<p>Las acciones por el personal sanitario se enfocar\u00edan a la prevenci\u00f3n, la salud mental, nutrici\u00f3n y salud bucal, de forma gratuita para todo el municipio a partir de la firma del convenio con t\u00e9rmino al 31 de diciembre de 2024.<\/p>\n\n\n\n<p>\u201cEste acuerdo no requer\u00eda presupuesto alguno para su realizaci\u00f3n, pero ante la falta de sensibilidad de los concejales de Morena no se logr\u00f3 algo que me da beneficiado considerablemente a la poblaci\u00f3n\u201d denunci\u00f3 el regidor de oposici\u00f3n, quien manifest\u00f3 en sesi\u00f3n que esta petici\u00f3n la realiz\u00f3 el personal de salud.<\/p>\n\n\n\n<p>No obstante, los regidores morenistas destacaron que se debe a una acci\u00f3n pol\u00edtica de la que se deber\u00edan mantener al margen, e incluso, consideraron innecesaria la participaci\u00f3n del sindicato para una campa\u00f1a de este tipo.<\/p>\n\n\n\n<p>Ram\u00edrez Puga Dom\u00ednguez trat\u00f3 de defender su punto y expuso que el presupuesto del ayuntamiento es limitado para cubrir todas las necesidades de la poblaci\u00f3n, como lo son los diversos aspectos de la salud b\u00e1sica, por lo que era necesaria la intervenci\u00f3n de otros organismos.<\/p>\n\n\n\n<p>As\u00ed como indic\u00f3 que ante el proceso de transici\u00f3n el gobierno estatal y a\u00fan en medio de la pandemia, se hac\u00eda indispensable reforzar los servicios de salud.<\/p>\n\n\n\n<p>Mirna L\u00f3pez Torres, regidora de Derechos Humanos apoy\u00f3 el punto y destac\u00f3 que, de ser oportuno, se deber\u00eda solo adecuar o perfeccionar las formas en las que se lleve a cabo el convenio de colaboraci\u00f3n.<\/p>\n\n\n\n<p>El punto de acuerdo recibi\u00f3 tres votos a favor, cero en contra y 10 abstenciones.<\/p>\n","protected":false},"excerpt":{"rendered":"<p>Yuridiana Sosa\/Zona Roja. Oaxaca de Ju\u00e1rez, Oax. 21 de julio de 2022.- Por tercera ocasi\u00f3n&hellip;<\/p>\n","protected":false},"author":2,"featured_media":43768,"comment_status":"closed","ping_status":"open","sticky":false,"template":"","format":"standard","meta":{"_lmt_disableupdate":"","_lmt_disable":"","_jetpack_memberships_contains_paid_content":false,"footnotes":""},"categories":[109,47],"tags":[2418],"class_list":["post-43767","post","type-post","status-publish","format-standard","has-post-thumbnail","hentry","category-minuto-a-minuto","category-zona-gris","tag-francisco-martinez-neri"],"jetpack_featured_media_url":"https:\/\/zonaroja.com.mx\/wp-content\/uploads\/2022\/07\/Sesion-Cabildo-Oaxaca-de-Juarez.jpg","jetpack_sharing_enabled":true,"_links":{"self":[{"href":"https:\/\/zonaroja.com.mx\/index.php?rest_route=\/wp\/v2\/posts\/43767","targetHints":{"allow":["GET"]}}],"collection":[{"href":"https:\/\/zonaroja.com.mx\/index.php?rest_route=\/wp\/v2\/posts"}],"about":[{"href":"https:\/\/zonaroja.com.mx\/index.php?rest_route=\/wp\/v2\/types\/post"}],"author":[{"embeddable":true,"href":"https:\/\/zonaroja.com.mx\/index.php?rest_route=\/wp\/v2\/users\/2"}],"replies":[{"embeddable":true,"href":"https:\/\/zonaroja.com.mx\/index.php?rest_route=%2Fwp%2Fv2%2Fcomments&post=43767"}],"version-history":[{"count":1,"href":"https:\/\/zonaroja.com.mx\/index.php?rest_route=\/wp\/v2\/posts\/43767\/revisions"}],"predecessor-version":[{"id":43769,"href":"https:\/\/zonaroja.com.mx\/index.php?rest_route=\/wp\/v2\/posts\/43767\/revisions\/43769"}],"wp:featuredmedia":[{"embeddable":true,"href":"https:\/\/zonaroja.com.mx\/index.php?rest_route=\/wp\/v2\/media\/43768"}],"wp:attachment":[{"href":"https:\/\/zonaroja.com.mx\/index.php?rest_route=%2Fwp%2Fv2%2Fmedia&parent=43767"}],"wp:term":[{"taxonomy":"category","embeddable":true,"href":"https:\/\/zonaroja.com.mx\/index.php?rest_route=%2Fwp%2Fv2%2Fcategories&post=43767"},{"taxonomy":"post_tag","embeddable":true,"href":"https:\/\/zonaroja.com.mx\/index.php?rest_route=%2Fwp%2Fv2%2Ftags&post=43767"}],"curies":[{"name":"wp","href":"https:\/\/api.w.org\/{rel}","templated":true}]}}