{"id":43770,"date":"2022-07-21T22:06:09","date_gmt":"2022-07-22T03:06:09","guid":{"rendered":"http:\/\/www.zonaroja.com.mx\/?p=43770"},"modified":"2022-07-21T22:06:11","modified_gmt":"2022-07-22T03:06:11","slug":"vinculan-a-proceso-a-la-dirigente-de-confederacion-libertad","status":"publish","type":"post","link":"https:\/\/zonaroja.com.mx\/?p=43770","title":{"rendered":"Vinculan a proceso a la dirigente de Confederaci\u00f3n Libertad"},"content":{"rendered":"\n<p>Redacci\u00f3n\/Zona Roja.<\/p>\n\n\n\n<p>Oaxaca de Ju\u00e1rez, Oax., 21 de julio de 2022.- La dirigente en Oaxaca de la Confederaci\u00f3n Libertad de Trabajadores de M\u00e9xico, (CLTM), Guadalupe D. P., fue vinculada a proceso por un juez federal.<\/p>\n\n\n\n<p>Lo anterior tras su detenci\u00f3n, el pasado 12 de julio, por parte de la Polic\u00eda Estatal, por portaci\u00f3n de arma de fuego sin la documentaci\u00f3n correspondiente, junto con su esposo, quien tambi\u00e9n fue vinculado a proceso.<\/p>\n\n\n\n<p>Tras ello, ambos fueron puestos a disposici\u00f3n de la Fiscal\u00eda General de la Rep\u00fablica (FGR), con sede en San Bartolo Coyotepec, Oaxaca.<\/p>\n\n\n\n<p>No obstante, debido a las presiones ejercidas por transportistas de ese gremio durante dos d\u00edas, que incluy\u00f3 el bloqueo de cruceros viales, el juez federal aval\u00f3 que ambos lleven el proceso en libertad y se fij\u00f3 un lapso de dos meses para el cierre de la investigaci\u00f3n.<\/p>\n\n\n\n<p>Guadalupe D. P., y su esposo llevaban un arma de fuego calibre 380 mil\u00edmetros con dos cargadores y cartuchos \u00fatiles, a bordo de una camioneta, que fue detenida por elementos policiacos en San Francisco Tutla, perteneciente al municipio de Santa Luc\u00eda del Camino.<\/p>\n\n\n\n<p>El Ministerio P\u00fablico de la FGR aport\u00f3 los elementos de prueba que permitieron al juez determinar el auto de vinculaci\u00f3n a proceso, pero en libertad.<\/p>\n\n\n\n<p>Ambas personas fueron liberadas de las instalaciones de la Fiscal\u00eda General de la Rep\u00fablica el viernes 15 de julio, a cambio de no realizar m\u00e1s bloqueos con transportistas.<\/p>\n","protected":false},"excerpt":{"rendered":"<p>Redacci\u00f3n\/Zona Roja. Oaxaca de Ju\u00e1rez, Oax., 21 de julio de 2022.- La dirigente en Oaxaca&hellip;<\/p>\n","protected":false},"author":2,"featured_media":43445,"comment_status":"closed","ping_status":"open","sticky":false,"template":"","format":"standard","meta":{"_lmt_disableupdate":"","_lmt_disable":"","_jetpack_memberships_contains_paid_content":false,"footnotes":""},"categories":[109,47],"tags":[264],"class_list":["post-43770","post","type-post","status-publish","format-standard","has-post-thumbnail","hentry","category-minuto-a-minuto","category-zona-gris","tag-guadalupe-diaz-pantoja"],"jetpack_featured_media_url":"https:\/\/zonaroja.com.mx\/wp-content\/uploads\/2022\/07\/Detencion-de-Guadaliupe-Diaz-Pantoja.jpg","jetpack_sharing_enabled":true,"_links":{"self":[{"href":"https:\/\/zonaroja.com.mx\/index.php?rest_route=\/wp\/v2\/posts\/43770","targetHints":{"allow":["GET"]}}],"collection":[{"href":"https:\/\/zonaroja.com.mx\/index.php?rest_route=\/wp\/v2\/posts"}],"about":[{"href":"https:\/\/zonaroja.com.mx\/index.php?rest_route=\/wp\/v2\/types\/post"}],"author":[{"embeddable":true,"href":"https:\/\/zonaroja.com.mx\/index.php?rest_route=\/wp\/v2\/users\/2"}],"replies":[{"embeddable":true,"href":"https:\/\/zonaroja.com.mx\/index.php?rest_route=%2Fwp%2Fv2%2Fcomments&post=43770"}],"version-history":[{"count":1,"href":"https:\/\/zonaroja.com.mx\/index.php?rest_route=\/wp\/v2\/posts\/43770\/revisions"}],"predecessor-version":[{"id":43771,"href":"https:\/\/zonaroja.com.mx\/index.php?rest_route=\/wp\/v2\/posts\/43770\/revisions\/43771"}],"wp:featuredmedia":[{"embeddable":true,"href":"https:\/\/zonaroja.com.mx\/index.php?rest_route=\/wp\/v2\/media\/43445"}],"wp:attachment":[{"href":"https:\/\/zonaroja.com.mx\/index.php?rest_route=%2Fwp%2Fv2%2Fmedia&parent=43770"}],"wp:term":[{"taxonomy":"category","embeddable":true,"href":"https:\/\/zonaroja.com.mx\/index.php?rest_route=%2Fwp%2Fv2%2Fcategories&post=43770"},{"taxonomy":"post_tag","embeddable":true,"href":"https:\/\/zonaroja.com.mx\/index.php?rest_route=%2Fwp%2Fv2%2Ftags&post=43770"}],"curies":[{"name":"wp","href":"https:\/\/api.w.org\/{rel}","templated":true}]}}