{"id":43772,"date":"2022-07-21T22:20:39","date_gmt":"2022-07-22T03:20:39","guid":{"rendered":"http:\/\/www.zonaroja.com.mx\/?p=43772"},"modified":"2022-07-21T22:20:40","modified_gmt":"2022-07-22T03:20:40","slug":"hasta-en-un-mes-habria-propuesta-de-solucion-a-problematica-de-basura-en-oaxaca","status":"publish","type":"post","link":"https:\/\/zonaroja.com.mx\/?p=43772","title":{"rendered":"Hasta en un mes habr\u00eda propuesta de soluci\u00f3n a problem\u00e1tica de basura en Oaxaca"},"content":{"rendered":"\n<p>Redacci\u00f3n\/Zona Roja.<\/p>\n\n\n\n<p>Oaxaca de Ju\u00e1rez, Oax., 21 de julio de 2022.- Ser\u00e1 hasta dentro de un mes en que la Secretar\u00eda del Medio Ambiente, Energ\u00edas y Desarrollo Sustentable (Semaedeso) del gobierno de Oaxaca, presente una propuesta para la creaci\u00f3n de un nuevo tiradero de basura.<\/p>\n\n\n\n<p>Mientras tanto, a una semana del cierre del dep\u00f3sito municipal ubicado en la Villa de Zaachila, la problem\u00e1tica crece y los montones de desecho se multiplican en calles y parques, principalmente de la ciudad capital.<\/p>\n\n\n\n<p>La tarde de este jueves una en\u00e9sima reuni\u00f3n sobre el asunto, en esta ocasi\u00f3n en el Palacio de Gobierno, con la presencia del titular del Poder Ejecutivo, Alejandro Murat Hinojosa, pero s\u00f3lo se logr\u00f3 crear un Comit\u00e9 T\u00e9cnico Intermunicipal para seguir estudiando la problem\u00e1tica.<\/p>\n\n\n\n<p>\u201cAgradezco a todas las presidentas y presidentes municipales aqu\u00ed presentes la oportunidad que le dan a Oaxaca con su voluntad de construir una soluci\u00f3n de largo plazo a este problema que enfrentamos, una soluci\u00f3n transparente y consensuada para que tengan certeza ustedes y todo el pueblo de Oaxaca de que lo que se har\u00e1 con los recursos del pueblo atender\u00e1 a las mejores pr\u00e1cticas a nivel nacional e internacional\u201d, destac\u00f3 el gobernador en su mensaje.<\/p>\n\n\n\n<p>De acuerdo con un comunicado de prensa del Gobierno del Estado, se establecieron las siguientes acciones.<\/p>\n\n\n\n<p>1) Continuar con el saneamiento del relleno sanitario.<\/p>\n\n\n\n<p>a) Trabajar en la estabilizaci\u00f3n de taludes en la parte sur del relleno, mejorar sistemas de manejo de biog\u00e1s y lixiviados, estas acciones est\u00e1n programadas hasta el 30 de noviembre del 2022. La Semaedeso solicitar\u00e1 los recursos necesarios para continuar con estas actividades en el 2023 que, en su caso ser\u00edan ejecutadas por la nueva administraci\u00f3n estatal.<\/p>\n\n\n\n<p>b) Revisar el origen de los materiales p\u00e9treos a utilizar para las coberturas del relleno.<\/p>\n\n\n\n<p>c) De las tarifas cobradas por el municipio de Oaxaca de Ju\u00e1rez por el acceso, se deber\u00e1 destinar al saneamiento del relleno sanitario.<\/p>\n\n\n\n<p>2) Acciones a que se comprometen en cada uno de los municipios<\/p>\n\n\n\n<p>a) Aplicar medidas para disminuir generaci\u00f3n de residuos (a grandes generadores, a eventos patronales, fiestas etc.)<\/p>\n\n\n\n<p>b) Aplicar lo dispuesto en el art\u00edculo 98 fracci\u00f3n XII y art\u00edculo 99 de la Ley para la Prevenci\u00f3n y Gesti\u00f3n Integral de Residuos S\u00f3lidos, con el objetivo de limitar y de ser posible terminar el uso, distribuci\u00f3n y venta de \u201cdesechables\u201d de unicel, popotes, y en general, utensilios pl\u00e1sticos de un solo uso.<\/p>\n\n\n\n<p>c) Separaci\u00f3n desde origen (casas-habitaci\u00f3n, oficinas, centros de trabajo)<\/p>\n\n\n\n<p>d) Los municipios deber\u00e1n identificar a la brevedad sitios de disposici\u00f3n final (ya sea por municipio o por grupo de estos).<\/p>\n\n\n\n<p>e) Aplicar sus reglamentos municipales en materia de residuos s\u00f3lidos.<\/p>\n\n\n\n<p>f) Adecuar\u00e1n a sus condiciones y ejecutar\u00e1n a la brevedad, el reglamento tipo en materia de residuos que la SEMAEDESO les har\u00e1 de conocimiento.<\/p>\n\n\n\n<p>Al encuentro acudieron presidentes de 23 municipios, entre ellos los de Oaxaca de Ju\u00e1rez, Santa Luc\u00eda del Camino y Villa de Zaachila.<\/p>\n","protected":false},"excerpt":{"rendered":"<p>Redacci\u00f3n\/Zona Roja. Oaxaca de Ju\u00e1rez, Oax., 21 de julio de 2022.- Ser\u00e1 hasta dentro de&hellip;<\/p>\n","protected":false},"author":2,"featured_media":43773,"comment_status":"closed","ping_status":"open","sticky":false,"template":"","format":"standard","meta":{"_lmt_disableupdate":"","_lmt_disable":"","_jetpack_memberships_contains_paid_content":false,"footnotes":""},"categories":[109,47],"tags":[148],"class_list":["post-43772","post","type-post","status-publish","format-standard","has-post-thumbnail","hentry","category-minuto-a-minuto","category-zona-gris","tag-oaxaca-de-juarez"],"jetpack_featured_media_url":"https:\/\/zonaroja.com.mx\/wp-content\/uploads\/2022\/07\/Reunion-basura-palacio-de-gobierno.jpg","jetpack_sharing_enabled":true,"_links":{"self":[{"href":"https:\/\/zonaroja.com.mx\/index.php?rest_route=\/wp\/v2\/posts\/43772","targetHints":{"allow":["GET"]}}],"collection":[{"href":"https:\/\/zonaroja.com.mx\/index.php?rest_route=\/wp\/v2\/posts"}],"about":[{"href":"https:\/\/zonaroja.com.mx\/index.php?rest_route=\/wp\/v2\/types\/post"}],"author":[{"embeddable":true,"href":"https:\/\/zonaroja.com.mx\/index.php?rest_route=\/wp\/v2\/users\/2"}],"replies":[{"embeddable":true,"href":"https:\/\/zonaroja.com.mx\/index.php?rest_route=%2Fwp%2Fv2%2Fcomments&post=43772"}],"version-history":[{"count":1,"href":"https:\/\/zonaroja.com.mx\/index.php?rest_route=\/wp\/v2\/posts\/43772\/revisions"}],"predecessor-version":[{"id":43774,"href":"https:\/\/zonaroja.com.mx\/index.php?rest_route=\/wp\/v2\/posts\/43772\/revisions\/43774"}],"wp:featuredmedia":[{"embeddable":true,"href":"https:\/\/zonaroja.com.mx\/index.php?rest_route=\/wp\/v2\/media\/43773"}],"wp:attachment":[{"href":"https:\/\/zonaroja.com.mx\/index.php?rest_route=%2Fwp%2Fv2%2Fmedia&parent=43772"}],"wp:term":[{"taxonomy":"category","embeddable":true,"href":"https:\/\/zonaroja.com.mx\/index.php?rest_route=%2Fwp%2Fv2%2Fcategories&post=43772"},{"taxonomy":"post_tag","embeddable":true,"href":"https:\/\/zonaroja.com.mx\/index.php?rest_route=%2Fwp%2Fv2%2Ftags&post=43772"}],"curies":[{"name":"wp","href":"https:\/\/api.w.org\/{rel}","templated":true}]}}