{"id":43783,"date":"2022-07-22T07:12:52","date_gmt":"2022-07-22T12:12:52","guid":{"rendered":"http:\/\/www.zonaroja.com.mx\/?p=43783"},"modified":"2022-07-22T07:12:54","modified_gmt":"2022-07-22T12:12:54","slug":"logra-fiscalia-sentencia-de-35-anos-contra-homicida-de-amoltepec","status":"publish","type":"post","link":"https:\/\/zonaroja.com.mx\/?p=43783","title":{"rendered":"Logra Fiscal\u00eda sentencia de 35 a\u00f1os contra homicida de Amoltepec"},"content":{"rendered":"\n<p>Redacci\u00f3n\/Zona Roja.<\/p>\n\n\n\n<p>Oaxaca de Ju\u00e1rez, Oax., 22 de julio de 2022.- La Fiscal\u00eda General del Estado de Oaxaca (FGEO) obtuvo, del Tribunal de Enjuiciamiento, sentencia condenatoria de 35 a\u00f1os de prisi\u00f3n contra la persona del sexo masculino identificada como A. V. G., responsable del delito de homicidio calificado en agravio de quien en vida respondi\u00f3 al nombre de M. H. M., cometido en noviembre de 2019 en jurisdicci\u00f3n de Santiago Amoltepec, en la regi\u00f3n Sierra Sur.<\/p>\n\n\n\n<p>De acuerdo con la carpeta de investigaci\u00f3n 41019\/FMIX\/TLAXIACO\/2019, el 25 de noviembre de 2019, el imputado agredi\u00f3 con disparo de arma de fue a la v\u00edctima, provoc\u00e1ndole heridas que le ocasionaron la muerte, cuando se encontraba en inmediaciones de la localidad El Cocal, perteneciente a la referida demarcaci\u00f3n.<\/p>\n\n\n\n<p>Ante estos hechos, la Instituci\u00f3n de procuraci\u00f3n de justicia atrajo la investigaci\u00f3n -a trav\u00e9s de la Vicefiscal\u00eda General de Control Regional-, logrando presentar al imputado ante el Juez de la causa, quien determin\u00f3 vincularlo a proceso.<\/p>\n\n\n\n<p>En audiencia, el Tribunal de Enjuiciamiento dict\u00f3 sentencia condenatoria contra el homicida, imponiendo la pena de 35 a\u00f1os de prisi\u00f3n, as\u00ed como el pago de la reparaci\u00f3n del da\u00f1o por m\u00e1s de 422 mil pesos.<\/p>\n\n\n\n<p>DETENIDO EN LA MIXTECA<\/p>\n\n\n\n<p>En otro caso, la Fiscal\u00eda General del Estado logr\u00f3 aprehender a un sujeto se\u00f1alado como probable responsable del delito violaci\u00f3n equiparado en agravio de una mujer identificada como E. J. M., hecho cometido en diciembre de 2019, en jurisdicci\u00f3n de San Francisco Chind\u00faa, en la regi\u00f3n Mixteca.<\/p>\n\n\n\n<p>El imputado fue aprehendido el pasado 20 de julio del presente a\u00f1o y fue puesto inmediatamente a disposici\u00f3n de la autoridad que lo requiri\u00f3.<\/p>\n\n\n\n<p>De acuerdo con la carpeta de investigaci\u00f3n 45123\/FMIX\/NOCHIXTLAN\/2019, el 31 de diciembre de 2019, el probable responsable agredi\u00f3 de manera sexual a la v\u00edctima cuando caminaba en inmediaciones del paraje \u201cPe\u00f1a de Guadalupe\u201d, perteneciente a la demarcaci\u00f3n antes se\u00f1alada.<\/p>\n\n\n\n<p>Ante estos hechos y tras la denuncia presentada, la Instituci\u00f3n de procuraci\u00f3n de justicia inici\u00f3 una exhaustiva investigaci\u00f3n -a trav\u00e9s de la Vicefiscal\u00eda Regional de la Mixteca-, logrando identificar y aprehender al probable responsable, cuya situaci\u00f3n jur\u00eddica se resolver\u00e1 en las pr\u00f3ximas horas.<\/p>\n\n\n\n<p>TAMBI\u00c9N EN CUENCA<\/p>\n\n\n\n<p>En otro caso, pero acontecido en la regi\u00f3n de la Cuenca, la ma\u00f1ana de este jueves, se dio cumplimiento a la orden de aprehensi\u00f3n 253\/2021 contra el masculino identificado como I. R. A., quien es se\u00f1alado como probable responsable del delito de abuso sexual, cometido en marzo de 2021 en agravio de un menor de edad (cuya identidad es reservada por ley) y cuya situaci\u00f3n jur\u00eddica se resolver\u00e1 en las pr\u00f3ximas horas.<\/p>\n\n\n\n<p>Mientras tanto, la Fiscal\u00eda General obtuvo, del Juzgado de Control, auto de vinculaci\u00f3n a proceso contra la persona del sexo masculino identificada como L. D. J. R., alias \u201cEl G\u00fcicho\u201d, se\u00f1alado como probable responsable del delito de homicidio calificado en agravio de quien en vida respondi\u00f3 al nombre de M. R. F., y de lesiones calificadas en agravio de E. R. F., cometido en diciembre de 2018 en San Juan Bautista Tuxtepec, en la regi\u00f3n de la Cuenca del Papaloapan.<\/p>\n\n\n\n<p>De acuerdo con la carpeta de investigaci\u00f3n 3563\/FTDAI\/2018, el 23 de diciembre de 2018, el imputado probablemente arrib\u00f3 al domicilio de las v\u00edctimas, en inmediaciones de la colonia Siglo XXI y agredi\u00f3 con un arma de fuego a M. R. F y posteriormente con un objeto corto contundente (machete), ocasion\u00e1ndole lesiones que le provocaron la muerte. As\u00ed tambi\u00e9n, el imputado probablemente lesion\u00f3 a la v\u00edctima E. R. F., caus\u00e1ndole heridas.<\/p>\n\n\n\n<p>Ante estos hechos, la instituci\u00f3n de procuraci\u00f3n de justicia inici\u00f3 las investigaciones correspondientes -a trav\u00e9s de la Vicefiscal\u00eda Regional de la Cuenca-, logrando ubicar, aprehender y presentar al imputado ante el Juzgado de Control.<\/p>\n\n\n\n<p>En audiencia y luego de validar los datos de prueba proporcionados por la FGEO, el Juez en turno determin\u00f3 vincular a proceso al imputado, imponi\u00e9ndole la medida cautelar de prisi\u00f3n preventiva oficiosa y otorg\u00f3 dos meses para el cierre de investigaci\u00f3n complementaria.<\/p>\n","protected":false},"excerpt":{"rendered":"<p>Redacci\u00f3n\/Zona Roja. Oaxaca de Ju\u00e1rez, Oax., 22 de julio de 2022.- La Fiscal\u00eda General del&hellip;<\/p>\n","protected":false},"author":2,"featured_media":40450,"comment_status":"closed","ping_status":"open","sticky":false,"template":"","format":"standard","meta":{"_lmt_disableupdate":"","_lmt_disable":"","_jetpack_memberships_contains_paid_content":false,"footnotes":""},"categories":[109,46],"tags":[494],"class_list":["post-43783","post","type-post","status-publish","format-standard","has-post-thumbnail","hentry","category-minuto-a-minuto","category-zona-blanca","tag-fiscalia-general-del-estado-de-oaxaca"],"jetpack_featured_media_url":"https:\/\/zonaroja.com.mx\/wp-content\/uploads\/2022\/04\/juez-juzgado-sentencia.jpg","jetpack_sharing_enabled":true,"_links":{"self":[{"href":"https:\/\/zonaroja.com.mx\/index.php?rest_route=\/wp\/v2\/posts\/43783","targetHints":{"allow":["GET"]}}],"collection":[{"href":"https:\/\/zonaroja.com.mx\/index.php?rest_route=\/wp\/v2\/posts"}],"about":[{"href":"https:\/\/zonaroja.com.mx\/index.php?rest_route=\/wp\/v2\/types\/post"}],"author":[{"embeddable":true,"href":"https:\/\/zonaroja.com.mx\/index.php?rest_route=\/wp\/v2\/users\/2"}],"replies":[{"embeddable":true,"href":"https:\/\/zonaroja.com.mx\/index.php?rest_route=%2Fwp%2Fv2%2Fcomments&post=43783"}],"version-history":[{"count":1,"href":"https:\/\/zonaroja.com.mx\/index.php?rest_route=\/wp\/v2\/posts\/43783\/revisions"}],"predecessor-version":[{"id":43784,"href":"https:\/\/zonaroja.com.mx\/index.php?rest_route=\/wp\/v2\/posts\/43783\/revisions\/43784"}],"wp:featuredmedia":[{"embeddable":true,"href":"https:\/\/zonaroja.com.mx\/index.php?rest_route=\/wp\/v2\/media\/40450"}],"wp:attachment":[{"href":"https:\/\/zonaroja.com.mx\/index.php?rest_route=%2Fwp%2Fv2%2Fmedia&parent=43783"}],"wp:term":[{"taxonomy":"category","embeddable":true,"href":"https:\/\/zonaroja.com.mx\/index.php?rest_route=%2Fwp%2Fv2%2Fcategories&post=43783"},{"taxonomy":"post_tag","embeddable":true,"href":"https:\/\/zonaroja.com.mx\/index.php?rest_route=%2Fwp%2Fv2%2Ftags&post=43783"}],"curies":[{"name":"wp","href":"https:\/\/api.w.org\/{rel}","templated":true}]}}