{"id":43785,"date":"2022-07-22T07:25:27","date_gmt":"2022-07-22T12:25:27","guid":{"rendered":"http:\/\/www.zonaroja.com.mx\/?p=43785"},"modified":"2022-07-22T07:50:17","modified_gmt":"2022-07-22T12:50:17","slug":"comision-del-sistema-acusatorio-se-reune-con-jueces-de-la-mixteca","status":"publish","type":"post","link":"https:\/\/zonaroja.com.mx\/?p=43785","title":{"rendered":"Comisi\u00f3n del Sistema Acusatorio se re\u00fane con jueces de la Mixteca"},"content":{"rendered":"\n<p>Redacci\u00f3n\/Zona Roja.<\/p>\n\n\n\n<p>Oaxaca de Ju\u00e1rez, Oax., 22 de julio de 2022.- Como parte de las reuniones regionales que la Comisi\u00f3n Permanente para la Consolidaci\u00f3n del Sistema Acusatorio del Poder Judicial del Estado lleva a cabo con juezas y jueces de diferentes zonas de la entidad, se realiz\u00f3 un encuentro virtual en el que se compartieron criterios sobre la identidad reservada, lectura y explicaci\u00f3n de la sentencia, prescripci\u00f3n de la acci\u00f3n penal y declinaci\u00f3n de competencia a la jurisdicci\u00f3n ind\u00edgena. <\/p>\n\n\n\n<p>El presidente de dicha Comisi\u00f3n, magistrado&nbsp;Gerardo Adelfo Carmona Castillo&nbsp;presidi\u00f3 la sesi\u00f3n de trabajo&nbsp;virtual,&nbsp;que en esta ocasi\u00f3n fue dirigida a &nbsp;personal jurisdiccional de la regi\u00f3n de la Mixteca,&nbsp;con el objetivo de revisar sus planteamientos y dudas,&nbsp;respecto a situaciones o asuntos&nbsp;en los juzgados.&nbsp;<\/p>\n\n\n\n<p>Estos acercamientos permiten dar respuesta a las necesidades de ampliar el conocimiento&nbsp;y mejorar el desempe\u00f1o de todas y todos lo que intervienen en el Sistema de Justicia Penal Acusatorio&nbsp;con la finalidad&nbsp;de&nbsp;contribuir al mejoramiento de la&nbsp;administraci\u00f3n&nbsp;de justicia.<\/p>\n\n\n\n<p>A la fecha se han realizado dos reuniones virtuales con juezas&nbsp;y jueces del Istmo, de la Costa, Cuenca y Mixteca, en&nbsp;agosto&nbsp;se tiene programado un encuentro con personal de&nbsp;Valles Centrales, Sierra Norte, Sierra Sur y la Ca\u00f1ada, para finalizar en septiembre con&nbsp;Juezas y Jueces de Ejecuci\u00f3n Penal.<\/p>\n\n\n\n<p>De esta manera, se dialoga&nbsp;en torno a diversos temas relacionados con la funci\u00f3n jurisdiccional, se fortalecen&nbsp;lazos de colaboraci\u00f3n y la atenci\u00f3n que se brinda a la sociedad, derivado planteamientos expuestos por juezas y jueces.<\/p>\n","protected":false},"excerpt":{"rendered":"<p>Redacci\u00f3n\/Zona Roja. Oaxaca de Ju\u00e1rez, Oax., 22 de julio de 2022.- Como parte de las&hellip;<\/p>\n","protected":false},"author":2,"featured_media":43786,"comment_status":"closed","ping_status":"open","sticky":false,"template":"","format":"standard","meta":{"_lmt_disableupdate":"","_lmt_disable":"","_jetpack_memberships_contains_paid_content":false,"footnotes":""},"categories":[109,46],"tags":[223],"class_list":["post-43785","post","type-post","status-publish","format-standard","has-post-thumbnail","hentry","category-minuto-a-minuto","category-zona-blanca","tag-poder-judicial-de-oaxaca"],"jetpack_featured_media_url":"https:\/\/zonaroja.com.mx\/wp-content\/uploads\/2022\/07\/Reunion-zoom-Poder-Judicial.jpg","jetpack_sharing_enabled":true,"_links":{"self":[{"href":"https:\/\/zonaroja.com.mx\/index.php?rest_route=\/wp\/v2\/posts\/43785","targetHints":{"allow":["GET"]}}],"collection":[{"href":"https:\/\/zonaroja.com.mx\/index.php?rest_route=\/wp\/v2\/posts"}],"about":[{"href":"https:\/\/zonaroja.com.mx\/index.php?rest_route=\/wp\/v2\/types\/post"}],"author":[{"embeddable":true,"href":"https:\/\/zonaroja.com.mx\/index.php?rest_route=\/wp\/v2\/users\/2"}],"replies":[{"embeddable":true,"href":"https:\/\/zonaroja.com.mx\/index.php?rest_route=%2Fwp%2Fv2%2Fcomments&post=43785"}],"version-history":[{"count":2,"href":"https:\/\/zonaroja.com.mx\/index.php?rest_route=\/wp\/v2\/posts\/43785\/revisions"}],"predecessor-version":[{"id":43788,"href":"https:\/\/zonaroja.com.mx\/index.php?rest_route=\/wp\/v2\/posts\/43785\/revisions\/43788"}],"wp:featuredmedia":[{"embeddable":true,"href":"https:\/\/zonaroja.com.mx\/index.php?rest_route=\/wp\/v2\/media\/43786"}],"wp:attachment":[{"href":"https:\/\/zonaroja.com.mx\/index.php?rest_route=%2Fwp%2Fv2%2Fmedia&parent=43785"}],"wp:term":[{"taxonomy":"category","embeddable":true,"href":"https:\/\/zonaroja.com.mx\/index.php?rest_route=%2Fwp%2Fv2%2Fcategories&post=43785"},{"taxonomy":"post_tag","embeddable":true,"href":"https:\/\/zonaroja.com.mx\/index.php?rest_route=%2Fwp%2Fv2%2Ftags&post=43785"}],"curies":[{"name":"wp","href":"https:\/\/api.w.org\/{rel}","templated":true}]}}