{"id":43789,"date":"2022-07-22T07:55:45","date_gmt":"2022-07-22T12:55:45","guid":{"rendered":"http:\/\/www.zonaroja.com.mx\/?p=43789"},"modified":"2022-07-22T07:55:47","modified_gmt":"2022-07-22T12:55:47","slug":"inauguran-centro-gastronomico-de-oaxaca-y-anuncian-sede-universitaria","status":"publish","type":"post","link":"https:\/\/zonaroja.com.mx\/?p=43789","title":{"rendered":"Inauguran Centro Gastron\u00f3mico de Oaxaca y anuncian sede universitaria"},"content":{"rendered":"\n<p>Redacci\u00f3n\/Zona Roja.<\/p>\n\n\n\n<p>Oaxaca de Ju\u00e1rez, Oax., 22 de julio de 2022.- En el marco de las festividades de la Guelaguetza 2022, el gobernador Alejandro Murat Hinojosa inaugur\u00f3 ayer el nuevo Centro Gastron\u00f3mico de Oaxaca (CGO), un espacio que tiene como objetivo difundir, promocionar y fortalecer la gastronom\u00eda tradicional oaxaque\u00f1a a nivel local, nacional e internacional.<\/p>\n\n\n\n<p>Al momento de realizar el corte de list\u00f3n en compa\u00f1\u00eda de la presidenta honoraria del Sistema DIF Estatal, Ivette Mor\u00e1n de Murat, el mandatario se\u00f1al\u00f3 que esta obra requiri\u00f3 de una inversi\u00f3n de 69.8 millones de pesos y se estima \u2013dijo- que deje una derrama econ\u00f3mica anual de 50 millones de pesos, en beneficio de los 270 mil 955 habitantes de este municipio, as\u00ed como de las personas de este sector comercial.<\/p>\n\n\n\n<p>\u201cEste Centro Gastron\u00f3mico es un regalo que nos damos todas y todos los oaxaque\u00f1os, porque es un proyecto que se realiz\u00f3 de manera colectiva para celebrar la grandeza de nuestro estado, pero tambi\u00e9n para seguir escribiendo las mejores p\u00e1ginas de la historia de un Oaxaca con bienestar, gobernabilidad y desarrollo. Hoy es un d\u00eda de fiesta porque contamos con este nuevo espacio que fortalecer\u00e1 el comercio y la gastronom\u00eda de la entidad\u201d, dijo.<\/p>\n\n\n\n<p>Asimismo, mencion\u00f3 que con la operaci\u00f3n de los 12 locales con los que cuenta el Centro Gastron\u00f3mico, se impulsar\u00e1, promover\u00e1 y realizar\u00e1n diferentes actividades que expondr\u00e1n la cocina tradicional de las ocho regiones del estado; adicionalmente, se contar\u00e1 con un espacio para la venta de aguas y nieves oaxaque\u00f1as y estar\u00e1 presente la mixolog\u00eda con mezcal, cerveza artesanal y caf\u00e9.<\/p>\n\n\n\n<p>Cabe se\u00f1alar que el CGO, se encuentra ubicado en las instalaciones del antiguo Convento del Carmen Alto, donde anteriormente estaban las oficinas del Registro Civil, en el Centro Hist\u00f3rico de la capital oaxaque\u00f1a.<\/p>\n\n\n\n<p>Tambi\u00e9n cuenta con un sal\u00f3n de eventos para ferias del sector, incluso este espacio se pondr\u00e1 a disposici\u00f3n del p\u00fablico en general para eventos de cualquier \u00edndole. Este centro fue gestionado por la Secretar\u00eda de Econom\u00eda a cargo de Juan Pablo Guzm\u00e1n Cobi\u00e1n y fue coordinado por el titular del Instituto del Patrimonio Cultural del Estado de Oaxaca (Inpac), Amando Boh\u00f3rquez Rodr\u00edguez.<\/p>\n\n\n\n<figure class=\"wp-block-embed is-type-rich is-provider-twitter wp-block-embed-twitter\"><div class=\"wp-block-embed__wrapper\">\n<div class=\"twitter-tweet\"><blockquote class=\"twitter-tweet\" data-lang=\"es\"><p lang=\"es\" dir=\"ltr\">Este jueves fue inaugurada la primera etapa del Centro Gastron\u00f3mico de <a href=\"https:\/\/twitter.com\/hashtag\/Oaxaca?src=hash&amp;ref_src=twsrc%5Etfw\">#Oaxaca<\/a>. <br>Se ubica en el Centro Hist\u00f3rico de la capital y ofrecer\u00e1 platillos y bebidas tradicionales de las ocho regiones del estado. <br>El acto fue presidido por el gobernador <a href=\"https:\/\/twitter.com\/alejandromurat?ref_src=twsrc%5Etfw\">@alejandromurat<\/a>. <a href=\"https:\/\/t.co\/AqTKaLUK4D\">pic.twitter.com\/AqTKaLUK4D<\/a><\/p>&mdash; Zona Roja Oaxaca (@ZonaRoja_Oaxaca) <a href=\"https:\/\/twitter.com\/ZonaRoja_Oaxaca\/status\/1550311484223361030?ref_src=twsrc%5Etfw\">22 de julio de 2022<\/a><\/blockquote><\/div>\n<\/div><\/figure>\n\n\n\n<p>Durante su participaci\u00f3n, el director general del Instituto Nacional de Antropolog\u00eda e Historia (INAH), Diego Prieto Hern\u00e1ndez, refiri\u00f3 que adem\u00e1s de rescatar los espacios hist\u00f3ricos de la capital oaxaque\u00f1a, con este proyecto se est\u00e1 promoviendo e impulsando la gastronom\u00eda local, enalteciendo as\u00ed las costumbres y tradiciones de las comunidades ind\u00edgenas del estado a trav\u00e9s de la comida.<\/p>\n\n\n\n<p>\u201cEste es un gran acontecimiento, pues Oaxaca ya cuenta con otro espacio para festejar la cultura alimentaria local y tambi\u00e9n la mexicana, que cabe se\u00f1alar, es patrimonio de la humanidad. Para m\u00ed es un honor estar presente en la inauguraci\u00f3n de este Centro que sin duda alguna se convertir\u00e1 en uno de los m\u00e1s importantes a nivel nacional\u201d, expres\u00f3.<\/p>\n\n\n\n<p>ANUNCIAN RESTAURACI\u00d3N<\/p>\n\n\n\n<p>Adem\u00e1s, anunci\u00f3 que como parte de este plan integral, tambi\u00e9n se realizar\u00e1 la restauraci\u00f3n de toda la zona restante del convento del Carmen Alto, donde posteriormente se instalar\u00e1n las oficinas del INAH. \u201cEvidentemente Oaxaca brilla por su enorme diversidad y riqueza cultural, por sus monumentos hist\u00f3ricos, por eso tenemos que cuidar todo este patrimonio\u201d, finaliz\u00f3.<\/p>\n\n\n\n<p>El CGO contemplar\u00e1 una opci\u00f3n acad\u00e9mica y formadora de futuros talentos en gastronom\u00eda y cocina oaxaque\u00f1a, que busca sea referente a nivel nacional e internacional. Este Campus formar\u00e1 parte de la oferta educativa que ofrece la Universidad Tecnol\u00f3gica de los Valles Centrales de Oaxaca (UTVCO).<\/p>\n","protected":false},"excerpt":{"rendered":"<p>Redacci\u00f3n\/Zona Roja. Oaxaca de Ju\u00e1rez, Oax., 22 de julio de 2022.- En el marco de&hellip;<\/p>\n","protected":false},"author":2,"featured_media":43790,"comment_status":"closed","ping_status":"open","sticky":false,"template":"","format":"standard","meta":{"_lmt_disableupdate":"","_lmt_disable":"","_jetpack_memberships_contains_paid_content":false,"footnotes":""},"categories":[109,46],"tags":[173,1897],"class_list":["post-43789","post","type-post","status-publish","format-standard","has-post-thumbnail","hentry","category-minuto-a-minuto","category-zona-blanca","tag-alejandro-murat-hinojosa","tag-centro-gastronomico-de-oaxaca"],"jetpack_featured_media_url":"https:\/\/zonaroja.com.mx\/wp-content\/uploads\/2022\/07\/Inauguran-Centro-Gastronomico-de-Oaxaca.jpg","jetpack_sharing_enabled":true,"_links":{"self":[{"href":"https:\/\/zonaroja.com.mx\/index.php?rest_route=\/wp\/v2\/posts\/43789","targetHints":{"allow":["GET"]}}],"collection":[{"href":"https:\/\/zonaroja.com.mx\/index.php?rest_route=\/wp\/v2\/posts"}],"about":[{"href":"https:\/\/zonaroja.com.mx\/index.php?rest_route=\/wp\/v2\/types\/post"}],"author":[{"embeddable":true,"href":"https:\/\/zonaroja.com.mx\/index.php?rest_route=\/wp\/v2\/users\/2"}],"replies":[{"embeddable":true,"href":"https:\/\/zonaroja.com.mx\/index.php?rest_route=%2Fwp%2Fv2%2Fcomments&post=43789"}],"version-history":[{"count":1,"href":"https:\/\/zonaroja.com.mx\/index.php?rest_route=\/wp\/v2\/posts\/43789\/revisions"}],"predecessor-version":[{"id":43791,"href":"https:\/\/zonaroja.com.mx\/index.php?rest_route=\/wp\/v2\/posts\/43789\/revisions\/43791"}],"wp:featuredmedia":[{"embeddable":true,"href":"https:\/\/zonaroja.com.mx\/index.php?rest_route=\/wp\/v2\/media\/43790"}],"wp:attachment":[{"href":"https:\/\/zonaroja.com.mx\/index.php?rest_route=%2Fwp%2Fv2%2Fmedia&parent=43789"}],"wp:term":[{"taxonomy":"category","embeddable":true,"href":"https:\/\/zonaroja.com.mx\/index.php?rest_route=%2Fwp%2Fv2%2Fcategories&post=43789"},{"taxonomy":"post_tag","embeddable":true,"href":"https:\/\/zonaroja.com.mx\/index.php?rest_route=%2Fwp%2Fv2%2Ftags&post=43789"}],"curies":[{"name":"wp","href":"https:\/\/api.w.org\/{rel}","templated":true}]}}