{"id":4379,"date":"2019-09-28T19:37:50","date_gmt":"2019-09-29T00:37:50","guid":{"rendered":"http:\/\/www.zonaroja.com.mx\/?p=4379"},"modified":"2019-09-28T19:37:53","modified_gmt":"2019-09-29T00:37:53","slug":"mantiene-la-uabjo-denuncias-contra-gabriela-jimenez-y-vicente-manzo","status":"publish","type":"post","link":"https:\/\/zonaroja.com.mx\/?p=4379","title":{"rendered":"Mantiene la UABJO denuncias contra Gabriela Jim\u00e9nez y Vicente Manzo"},"content":{"rendered":"\n<p>Redacci\u00f3n\/Zona\nRoja.<\/p>\n\n\n\n<p>Oaxaca de\nJu\u00e1rez, Oax., 28 de septiembre de 2019.- A pesar de no haber sido vinculados a\nproceso por el juez de la causa, la Universidad Aut\u00f3noma \u201cBenito Ju\u00e1rez\u201d de\nOaxaca mantiene la denuncia en contra de Gabriela Jim\u00e9nez y Vicente Manzo,\nacusados de extorsi\u00f3n, al ocupar por 17 d\u00edas tres inmuebles para exigir\nespacios para supuestos estudiantes.<\/p>\n\n\n\n<p>Los\nintegrantes del Bloque de Estudiantes Anarquistas Socialistas (BEAS) ocuparon\nen ese lapso instalaciones del Edificio A de Rector\u00eda, la Direcci\u00f3n de\nServicios Escolares y Direcci\u00f3n de Redes Telecomunicaciones e Inform\u00e1tica, \u201cprovocando\nafectaciones al patrimonio universitario\u201d, inform\u00f3 la UABJO en un comunicado.<\/p>\n\n\n\n<p>Ante tal\nsituaci\u00f3n, la Oficina del Abogado General, representada por H\u00e9ctor L\u00f3pez\nS\u00e1nchez, present\u00f3 la denuncia correspondiente.<\/p>\n\n\n\n<p>Indic\u00f3 que como\nresultado de la investigaci\u00f3n, la Fiscal\u00eda General del Estado logr\u00f3 la\ndetenci\u00f3n de Gabriela de la Luz Jim\u00e9nez Rodr\u00edguez y Vicente Manzo el pasado 10\nde septiembre, como probables responsables del delito de extorsi\u00f3n en perjuicio\nde la UABJO.<\/p>\n\n\n\n<p>Mediante\naudiencia de fecha 13 de septiembre del a\u00f1o en curso, celebrada ante el Juez de\nControl Estatal, se dict\u00f3 auto de no vinculaci\u00f3n a proceso. \u201cY ante dicha\ndeterminaci\u00f3n el representante legal interpuso el recurso correspondiente,\nmismo que est\u00e1 por resolverse\u201d, agreg\u00f3.<\/p>\n\n\n\n<p>Precis\u00f3 que la\nRector\u00eda de la Universidad \u201cno est\u00e1 facultada para otorgar perd\u00f3n ante un hecho\nque se persigue de oficio\u201d.<\/p>\n\n\n\n<p>\u201cEl proceso\nen menci\u00f3n no resuelve en definitiva la situaci\u00f3n jur\u00eddica de los imputados, la\ncarpeta de investigaci\u00f3n contin\u00faa abierta y en posibilidad de ser nuevamente\njudicializada, si el ministerio p\u00fablico considera que a\u00fan existen elementos\nsuficientes.<\/p>\n\n\n\n<p>Por otro\nlado, la instituci\u00f3n inform\u00f3 que como resultado de la coordinaci\u00f3n con la\nFiscal\u00eda durante el proceso de admisi\u00f3n de estudiantes, se recibieron 10\ndenuncias an\u00f3nimas, mismas que fueron integradas y exhibidas en la carpeta de\ninvestigaci\u00f3n correspondiente por la denuncia interpuesta por el abogado\ngeneral, contra quien o quienes resulten responsables, misma que se encuentra\nabierta por los delitos de falsificaci\u00f3n de documentos y fraude en perjuicio de\nla sociedad.<\/p>\n","protected":false},"excerpt":{"rendered":"<p>Redacci\u00f3n\/Zona Roja. Oaxaca de Ju\u00e1rez, Oax., 28 de septiembre de 2019.- A pesar de no&hellip;<\/p>\n","protected":false},"author":2,"featured_media":4380,"comment_status":"closed","ping_status":"open","sticky":false,"template":"","format":"standard","meta":{"_lmt_disableupdate":"","_lmt_disable":"","_jetpack_memberships_contains_paid_content":false,"footnotes":""},"categories":[109,47],"tags":[494,282],"class_list":["post-4379","post","type-post","status-publish","format-standard","has-post-thumbnail","hentry","category-minuto-a-minuto","category-zona-gris","tag-fiscalia-general-del-estado-de-oaxaca","tag-universidad-autonoma-benito-juarez-de-oaxaca"],"jetpack_featured_media_url":"https:\/\/zonaroja.com.mx\/wp-content\/uploads\/2019\/09\/IMG_8094.jpg","jetpack_sharing_enabled":true,"_links":{"self":[{"href":"https:\/\/zonaroja.com.mx\/index.php?rest_route=\/wp\/v2\/posts\/4379","targetHints":{"allow":["GET"]}}],"collection":[{"href":"https:\/\/zonaroja.com.mx\/index.php?rest_route=\/wp\/v2\/posts"}],"about":[{"href":"https:\/\/zonaroja.com.mx\/index.php?rest_route=\/wp\/v2\/types\/post"}],"author":[{"embeddable":true,"href":"https:\/\/zonaroja.com.mx\/index.php?rest_route=\/wp\/v2\/users\/2"}],"replies":[{"embeddable":true,"href":"https:\/\/zonaroja.com.mx\/index.php?rest_route=%2Fwp%2Fv2%2Fcomments&post=4379"}],"version-history":[{"count":1,"href":"https:\/\/zonaroja.com.mx\/index.php?rest_route=\/wp\/v2\/posts\/4379\/revisions"}],"predecessor-version":[{"id":4381,"href":"https:\/\/zonaroja.com.mx\/index.php?rest_route=\/wp\/v2\/posts\/4379\/revisions\/4381"}],"wp:featuredmedia":[{"embeddable":true,"href":"https:\/\/zonaroja.com.mx\/index.php?rest_route=\/wp\/v2\/media\/4380"}],"wp:attachment":[{"href":"https:\/\/zonaroja.com.mx\/index.php?rest_route=%2Fwp%2Fv2%2Fmedia&parent=4379"}],"wp:term":[{"taxonomy":"category","embeddable":true,"href":"https:\/\/zonaroja.com.mx\/index.php?rest_route=%2Fwp%2Fv2%2Fcategories&post=4379"},{"taxonomy":"post_tag","embeddable":true,"href":"https:\/\/zonaroja.com.mx\/index.php?rest_route=%2Fwp%2Fv2%2Ftags&post=4379"}],"curies":[{"name":"wp","href":"https:\/\/api.w.org\/{rel}","templated":true}]}}