{"id":43800,"date":"2022-07-22T18:40:18","date_gmt":"2022-07-22T23:40:18","guid":{"rendered":"http:\/\/www.zonaroja.com.mx\/?p=43800"},"modified":"2022-07-22T20:10:31","modified_gmt":"2022-07-23T01:10:31","slug":"amago-de-boicot-a-guelaguetza-continua-por-organizaciones-en-inicio-de-fiestas","status":"publish","type":"post","link":"https:\/\/zonaroja.com.mx\/?p=43800","title":{"rendered":"Amago de boicot a Guelaguetza contin\u00faa por organizaciones\u2026 en inicio de fiestas"},"content":{"rendered":"\n<p>Yuridiana Sosa\/Zona Roja.<\/p>\n\n\n\n<p>Oaxaca de Ju\u00e1rez, Oax., a 22 de junio de 22.- Con mezcal, m\u00fasica, color, sabor\u2026y protestas arrancaron este viernes las actividades oficiales con motivo de la Guelaguetza en Oaxaca, donde las organizaciones sociales no cesan sus movilizaciones y amagos para boicotear el primer Lunes del Cerro.<\/p>\n\n\n\n<p>Mientras que dentro del Centro Cultural y de Convenciones de Oaxaca, en Santa Luc\u00eda del Camino, se instalaba la fiesta, afuera, llov\u00edan los reclamos de integrantes del Consejo Ind\u00edgena Popular de Oaxaca (CIPO) que amenazaban con m\u00e1s acciones de protesta al no recibir atenci\u00f3n a sus demandas.<\/p>\n\n\n\n<p>En su tercer d\u00eda consecutivo de protestas, en la capital y zona metropolitana, se instalaron al exterior del CCCO donde el gobernador Alejandro Murat y su esposa Ivette Moran inaugurar\u00edan la Feria del Mezcal y la venta de alimentos con motivo de la \u201cSemana del antojo\u201d.<\/p>\n\n\n\n<p>Fue este mismo lugar su primer punto de bloqueo desde el pasado mi\u00e9rcoles, pero del que se retiraron este viernes ante el operativo de elementos de la Polic\u00eda Auxiliar Bancaria, Industrial y Comercial (PABIC) de la Polic\u00eda Estatal de Oaxaca sobre la avenida L\u00e1zaro C\u00e1rdenas, frente al complejo.<\/p>\n\n\n\n<figure class=\"wp-block-embed is-type-rich is-provider-twitter wp-block-embed-twitter\"><div class=\"wp-block-embed__wrapper\">\n<div class=\"twitter-tweet\"><blockquote class=\"twitter-tweet\" data-lang=\"es\"><p lang=\"es\" dir=\"ltr\"><a href=\"https:\/\/twitter.com\/hashtag\/%C3%9AltimoMinuto?src=hash&amp;ref_src=twsrc%5Etfw\">#\u00daltimoMinuto<\/a> <br>Integrantes del Consejo Ind\u00edgena Popular de Oaxaca (CIPO) permanecen en el exterior de la sede de la <a href=\"https:\/\/twitter.com\/DDHPO?ref_src=twsrc%5Etfw\">@DDHPO<\/a> en la capital oaxaque\u00f1a. <br>Mientras hacen una parodia de la <a href=\"https:\/\/twitter.com\/hashtag\/Guelaguetza?src=hash&amp;ref_src=twsrc%5Etfw\">#Guelaguetza<\/a>, exigen a la <a href=\"https:\/\/twitter.com\/SEGEGO_GobOax?ref_src=twsrc%5Etfw\">@SEGEGO_GobOax<\/a> agilice respuestas o boicotear\u00e1n las fiestas. <a href=\"https:\/\/t.co\/Cyl9qoCUE4\">pic.twitter.com\/Cyl9qoCUE4<\/a><\/p>&mdash; Zona Roja Oaxaca (@ZonaRoja_Oaxaca) <a href=\"https:\/\/twitter.com\/ZonaRoja_Oaxaca\/status\/1550557553565863939?ref_src=twsrc%5Etfw\">22 de julio de 2022<\/a><\/blockquote><\/div>\n<\/div><\/figure>\n\n\n\n<p>Sin embargo, la manifestaci\u00f3n s\u00f3lo se traslad\u00f3 a la calle de Derechos Humanos frente a oficinas de la Defensor\u00eda de los Derechos Humanos del Pueblo de Oaxaca, en la que adem\u00e1s, l\u00edderes de organizaciones sosten\u00edan una larga reuni\u00f3n con autoridades estatales.<\/p>\n\n\n\n<p>Desde este punto los inconformes llevaron a cabo una parodia de la Guelaguetza, para la que ocuparon una fotograf\u00eda del gobernador sobre una figura de \u201ctiliche\u201d, imagen oficial de la fiesta, para danzar y exigir al mismo tiempo cumplimiento a sus peticiones.<\/p>\n\n\n\n<p>El baile tambi\u00e9n lleg\u00f3 a la protesta, pero tambi\u00e9n las burlas y los reclamos, por lo que sostuvieron que de no obtener respuestas favorables de sus exigencias boicotear\u00e1n las fiestas de Guelaguetza, en especial el Lunes del Cerro.<\/p>\n\n\n\n<p>Para mostrar presi\u00f3n, otro grupo de inconformes se traslad\u00f3 a Ciudad Administrativa, donde no se reportaron incidencias<\/p>\n\n\n\n<p>En tanto, en la misma calle de Derechos Humanos contin\u00faan desde ayer por la tarde los integrantes de varias organizaciones sociales, aglutinadas en la llamada Asamblea de Pueblos, que tampoco han visto satisfechas sus demandas, por lo cual su amenaza de empa\u00f1ar las fiestas contin\u00faa.<\/p>\n\n\n\n<p>En la sede de la Defensora, el titular de la Secretar\u00eda General de Gobierno, Francisco Garc\u00eda L\u00f3pez, contin\u00faa con las mesas de di\u00e1logo, sin lograr avances sustanciales.<\/p>\n\n\n\n<figure class=\"wp-block-embed is-type-rich is-provider-twitter wp-block-embed-twitter\"><div class=\"wp-block-embed__wrapper\">\n<div class=\"twitter-tweet\"><blockquote class=\"twitter-tweet\" data-lang=\"es\"><p lang=\"es\" dir=\"ltr\"><a href=\"https:\/\/twitter.com\/hashtag\/%C3%9AltimoMinuto?src=hash&amp;ref_src=twsrc%5Etfw\">#\u00daltimoMinuto<\/a> <br>Elementos de la <a href=\"https:\/\/twitter.com\/PABIC_GobOax?ref_src=twsrc%5Etfw\">@PABIC_GobOax<\/a>, encabezados por <a href=\"https:\/\/twitter.com\/GalvanMorteo?ref_src=twsrc%5Etfw\">@GalvanMorteo<\/a>, impidieron de manera pac\u00edfica otro bloqueo de integrantes del Consejo Ind\u00edgena Popular de Oaxaca (CIPO) a la avenida L\u00e1zaro C\u00e1rdenas de Santa Luc\u00eda del Camino. Tras ello los manifestantes se retiraron. <a href=\"https:\/\/t.co\/vxDPYboOyf\">pic.twitter.com\/vxDPYboOyf<\/a><\/p>&mdash; Zona Roja Oaxaca (@ZonaRoja_Oaxaca) <a href=\"https:\/\/twitter.com\/ZonaRoja_Oaxaca\/status\/1550533143236853760?ref_src=twsrc%5Etfw\">22 de julio de 2022<\/a><\/blockquote><\/div>\n<\/div><\/figure>\n","protected":false},"excerpt":{"rendered":"<p>Yuridiana Sosa\/Zona Roja. Oaxaca de Ju\u00e1rez, Oax., a 22 de junio de 22.- Con mezcal,&hellip;<\/p>\n","protected":false},"author":2,"featured_media":43807,"comment_status":"closed","ping_status":"open","sticky":false,"template":"","format":"standard","meta":{"_lmt_disableupdate":"","_lmt_disable":"","_jetpack_memberships_contains_paid_content":false,"footnotes":""},"categories":[109,47],"tags":[2254],"class_list":["post-43800","post","type-post","status-publish","format-standard","has-post-thumbnail","hentry","category-minuto-a-minuto","category-zona-gris","tag-protestas-y-bloqueos-oaxaca"],"jetpack_featured_media_url":"https:\/\/zonaroja.com.mx\/wp-content\/uploads\/2022\/07\/Policias-PABIC-contienen-al-CIPO.jpg","jetpack_sharing_enabled":true,"_links":{"self":[{"href":"https:\/\/zonaroja.com.mx\/index.php?rest_route=\/wp\/v2\/posts\/43800","targetHints":{"allow":["GET"]}}],"collection":[{"href":"https:\/\/zonaroja.com.mx\/index.php?rest_route=\/wp\/v2\/posts"}],"about":[{"href":"https:\/\/zonaroja.com.mx\/index.php?rest_route=\/wp\/v2\/types\/post"}],"author":[{"embeddable":true,"href":"https:\/\/zonaroja.com.mx\/index.php?rest_route=\/wp\/v2\/users\/2"}],"replies":[{"embeddable":true,"href":"https:\/\/zonaroja.com.mx\/index.php?rest_route=%2Fwp%2Fv2%2Fcomments&post=43800"}],"version-history":[{"count":1,"href":"https:\/\/zonaroja.com.mx\/index.php?rest_route=\/wp\/v2\/posts\/43800\/revisions"}],"predecessor-version":[{"id":43802,"href":"https:\/\/zonaroja.com.mx\/index.php?rest_route=\/wp\/v2\/posts\/43800\/revisions\/43802"}],"wp:featuredmedia":[{"embeddable":true,"href":"https:\/\/zonaroja.com.mx\/index.php?rest_route=\/wp\/v2\/media\/43807"}],"wp:attachment":[{"href":"https:\/\/zonaroja.com.mx\/index.php?rest_route=%2Fwp%2Fv2%2Fmedia&parent=43800"}],"wp:term":[{"taxonomy":"category","embeddable":true,"href":"https:\/\/zonaroja.com.mx\/index.php?rest_route=%2Fwp%2Fv2%2Fcategories&post=43800"},{"taxonomy":"post_tag","embeddable":true,"href":"https:\/\/zonaroja.com.mx\/index.php?rest_route=%2Fwp%2Fv2%2Ftags&post=43800"}],"curies":[{"name":"wp","href":"https:\/\/api.w.org\/{rel}","templated":true}]}}